{"id":5126,"date":"2019-09-01T16:15:54","date_gmt":"2019-09-01T16:15:54","guid":{"rendered":"http:\/\/conchipcanarias.com\/?p=5126"},"modified":"2019-09-02T18:53:47","modified_gmt":"2019-09-02T18:53:47","slug":"breve-resumen-conchip-canarias-sl-xv-carrera-popular-cruz-del-mocan-2019","status":"publish","type":"post","link":"https:\/\/conchipcanarias.com\/?p=5126","title":{"rendered":"BREVE RESUMEN CONCHIP CANARIAS SL: XV CARRERA POPULAR CRUZ DEL MOCAN 2019."},"content":{"rendered":"<p><strong><span style=\"color: #0000ff;\"><a href=\"https:\/\/conchipcanarias.com\/wp-content\/uploads\/2019\/09\/DSC_0387.jpg\" rel=\"wpdevart_lightbox\"><img loading=\"lazy\" decoding=\"async\" class=\" wp-image-5127 alignleft\" src=\"https:\/\/conchipcanarias.com\/wp-content\/uploads\/2019\/09\/DSC_0387-300x203.jpg\" alt=\"\" width=\"245\" height=\"166\" srcset=\"https:\/\/conchipcanarias.com\/wp-content\/uploads\/2019\/09\/DSC_0387-300x203.jpg 300w, https:\/\/conchipcanarias.com\/wp-content\/uploads\/2019\/09\/DSC_0387-768x519.jpg 768w, https:\/\/conchipcanarias.com\/wp-content\/uploads\/2019\/09\/DSC_0387-1024x692.jpg 1024w, https:\/\/conchipcanarias.com\/wp-content\/uploads\/2019\/09\/DSC_0387.jpg 1620w\" sizes=\"auto, (max-width: 245px) 100vw, 245px\" \/><\/a>Ayoze Perez (Trivalle G\u00fc\u00edmar) y Ana Boullon (CD Vallivana) se imponen en el Mocan. (Los Realejos)<\/span><\/strong><\/p>\n<p>En la ma\u00f1ana de hoy d\u00eda 1 de septiembre se ha realizado en el barrio del Mocan (Los Realejos), la <strong>XV Carrera Popular Fiestas Cruz del Mocan 2019<\/strong>, Homenaje a <strong>Jos\u00e9 Maria Salazar Gomez<\/strong>, prueba incluida en el calendario de la <strong>Federaci\u00f3n Insular de Atletismo<\/strong> y organizada por la<strong> Comisi\u00f3n de Fiestas Cruz del Mocan 2019<\/strong> con la colaboraci\u00f3n del <strong>Ayuntamiento de Los Realejos<\/strong> y bajo la direcci\u00f3n de carrera de la empresa <strong>Conchip Canarias SL<\/strong>, siendo la s\u00e9ptima prueba puntuable del dentro del <strong>IV Circuito 5Km Conchip Canarias de carreras en Ruta 2019.<\/strong><\/p>\n<p><a href=\"https:\/\/conchipcanarias.com\/wp-content\/uploads\/2019\/09\/DSC_0392.jpg\" rel=\"wpdevart_lightbox\"><img loading=\"lazy\" decoding=\"async\" class=\" wp-image-5128 alignright\" src=\"https:\/\/conchipcanarias.com\/wp-content\/uploads\/2019\/09\/DSC_0392-300x203.jpg\" alt=\"\" width=\"242\" height=\"164\" srcset=\"https:\/\/conchipcanarias.com\/wp-content\/uploads\/2019\/09\/DSC_0392-300x203.jpg 300w, https:\/\/conchipcanarias.com\/wp-content\/uploads\/2019\/09\/DSC_0392-768x519.jpg 768w, https:\/\/conchipcanarias.com\/wp-content\/uploads\/2019\/09\/DSC_0392-1024x692.jpg 1024w, https:\/\/conchipcanarias.com\/wp-content\/uploads\/2019\/09\/DSC_0392.jpg 1620w\" sizes=\"auto, (max-width: 242px) 100vw, 242px\" \/><\/a>La prueba cont\u00f3 con <strong>188 corredores<\/strong> en la prueba reina de los <strong>5km<\/strong> y unos 70 kid\u2019s desde las diferentes modalidades desde Pre-Benjamin a Cadete batiendo el record de inscritos de las cuatro \u00faltimas ediciones\u00a0 tanto en la absoluta como en la prueba \u00a0Kid\u2019 s.<\/p>\n<p><a href=\"https:\/\/conchipcanarias.com\/wp-content\/uploads\/2019\/09\/DSC_0479.jpg\" rel=\"wpdevart_lightbox\"><img loading=\"lazy\" decoding=\"async\" class=\" wp-image-5129 alignleft\" src=\"https:\/\/conchipcanarias.com\/wp-content\/uploads\/2019\/09\/DSC_0479-300x203.jpg\" alt=\"\" width=\"231\" height=\"156\" srcset=\"https:\/\/conchipcanarias.com\/wp-content\/uploads\/2019\/09\/DSC_0479-300x203.jpg 300w, https:\/\/conchipcanarias.com\/wp-content\/uploads\/2019\/09\/DSC_0479-768x519.jpg 768w, https:\/\/conchipcanarias.com\/wp-content\/uploads\/2019\/09\/DSC_0479-1024x692.jpg 1024w, https:\/\/conchipcanarias.com\/wp-content\/uploads\/2019\/09\/DSC_0479.jpg 1620w\" sizes=\"auto, (max-width: 231px) 100vw, 231px\" \/><\/a>Los m\u00e1s r\u00e1pidos en el d\u00eda de hoy en la categor\u00eda masculina fueron; como primer clasificado el intratable <strong>Ayoze Perez Tejera (Trivalle de G\u00fc\u00edmar)<\/strong> con un crono de 16\u201941\u2019\u2019 que se impone en la s\u00e9ptima carrera consecutiva del circuito liderando dicho circuito y ya campe\u00f3n oficial a falta de dos carreras firmando una magnifica carrera y un excelente circuito, en segunda posici\u00f3n y como corredor sorpresa e cordob\u00e9s <strong>David Jimenez del Pulso Trail<\/strong> \u00a0marcando un crono de 16\u201951\u2019\u2019 seguido en tercera posici\u00f3n del corredor del <strong>Trivalle de G\u00fc\u00edmar, Jairo Paule Mart\u00edn<\/strong> que cruzo la l\u00ednea de meta en 17\u201933\u2019\u2019.<\/p>\n<p><a href=\"https:\/\/conchipcanarias.com\/wp-content\/uploads\/2019\/09\/DSC_0442.jpg\" rel=\"wpdevart_lightbox\"><img loading=\"lazy\" decoding=\"async\" class=\" wp-image-5130 alignright\" src=\"https:\/\/conchipcanarias.com\/wp-content\/uploads\/2019\/09\/DSC_0442-300x202.jpg\" alt=\"\" width=\"240\" height=\"162\" srcset=\"https:\/\/conchipcanarias.com\/wp-content\/uploads\/2019\/09\/DSC_0442-300x202.jpg 300w, https:\/\/conchipcanarias.com\/wp-content\/uploads\/2019\/09\/DSC_0442-768x518.jpg 768w, https:\/\/conchipcanarias.com\/wp-content\/uploads\/2019\/09\/DSC_0442-1024x691.jpg 1024w, https:\/\/conchipcanarias.com\/wp-content\/uploads\/2019\/09\/DSC_0442.jpg 1620w\" sizes=\"auto, (max-width: 240px) 100vw, 240px\" \/><\/a>En la categor\u00eda femenina no hubo sorpresas y las prior favoritas no fallaron imponi\u00e9ndose la corredora del <strong>CD Vallivana, Ana Boullon Sabin<\/strong> con un crono de 21\u201917\u2019\u2019, seguida en segunda posici\u00f3n <strong>Gema Lucia Gonzalez Ramon (Punta Brava Runnners)<\/strong> con un tiempo de 21\u201945\u2019\u2019; en tercera posici\u00f3n se clasifico la corredora del <strong>CD CorreAyo Spar Tenerife Beatriz Vera Flores<\/strong> cruzando el arco de <strong>Conchip<\/strong> en 21\u201955\u2019\u2019.<\/p>\n<p><a href=\"https:\/\/conchipcanarias.com\/wp-content\/uploads\/2019\/09\/DSC_0481.jpg\" rel=\"wpdevart_lightbox\"><img loading=\"lazy\" decoding=\"async\" class=\" wp-image-5131 alignleft\" src=\"https:\/\/conchipcanarias.com\/wp-content\/uploads\/2019\/09\/DSC_0481-300x203.jpg\" alt=\"\" width=\"233\" height=\"158\" srcset=\"https:\/\/conchipcanarias.com\/wp-content\/uploads\/2019\/09\/DSC_0481-300x203.jpg 300w, https:\/\/conchipcanarias.com\/wp-content\/uploads\/2019\/09\/DSC_0481-768x519.jpg 768w, https:\/\/conchipcanarias.com\/wp-content\/uploads\/2019\/09\/DSC_0481-1024x692.jpg 1024w, https:\/\/conchipcanarias.com\/wp-content\/uploads\/2019\/09\/DSC_0481.jpg 1620w\" sizes=\"auto, (max-width: 233px) 100vw, 233px\" \/><\/a>Al t\u00e9rmino de la carrera se celebr\u00f3 la tradicional entrega de premios por categor\u00edas, local y general, d\u00f3nde todos los corredores tuvieron numerosos regalos aparte de sus respectivas medallas gentileza de <strong>Jose David Gonzalez Reyes.<\/strong><\/p>\n<p>Para despedir el acto se hizo homenaje a <strong>Jose Maria Salazar Gomez<\/strong> y a <strong>Jose David Gonzalez Reyes<\/strong> por parte del ayuntamiento estuvo presente el Concejal de Deportes <strong>Benito Devora<\/strong> adem\u00e1s de <strong>La Comisi\u00f3n de fiestas Cruz del Mocan 2019 y Lucio (Casa Julio) <\/strong>los cuales hicieron entrega de las diferentes placas conmemorativas.<\/p>\n<p><strong><span style=\"color: #0000ff;\"><a href=\"https:\/\/conchipcanarias.com\/wp-content\/uploads\/2019\/09\/DSC_0537.jpg\" rel=\"wpdevart_lightbox\"><img loading=\"lazy\" decoding=\"async\" class=\" wp-image-5132 alignright\" src=\"https:\/\/conchipcanarias.com\/wp-content\/uploads\/2019\/09\/DSC_0537-300x203.jpg\" alt=\"\" width=\"247\" height=\"168\" srcset=\"https:\/\/conchipcanarias.com\/wp-content\/uploads\/2019\/09\/DSC_0537-300x203.jpg 300w, https:\/\/conchipcanarias.com\/wp-content\/uploads\/2019\/09\/DSC_0537-768x519.jpg 768w, https:\/\/conchipcanarias.com\/wp-content\/uploads\/2019\/09\/DSC_0537-1024x692.jpg 1024w, https:\/\/conchipcanarias.com\/wp-content\/uploads\/2019\/09\/DSC_0537.jpg 1620w\" sizes=\"auto, (max-width: 247px) 100vw, 247px\" \/><\/a>Clasificaciones<\/span><\/strong>: <a href=\"http:\/\/conxip.com\/result.php?IdEvento=2189\">(Pincha Aqu\u00ed)<\/a><\/p>\n<p>Esperemos hayan disfrutado de este Cross igual que nosotros, desde <strong>Conchip Canarias SL<\/strong>, agradecer el trato recibido por la<strong> Comisi\u00f3n de Fiestas<\/strong> y todo el barrio del <strong>Mocan<\/strong> por el trato recibido. Nos vemos en la pr\u00f3xima carrera \u2026<\/p>\n","protected":false},"excerpt":{"rendered":"<p>Ayoze Perez (Trivalle G\u00fc\u00edmar) y Ana Boullon (CD Vallivana) se imponen en el Mocan. (Los Realejos) En la ma\u00f1ana de hoy d\u00eda 1 de septiembre se ha realizado en el barrio del Mocan (Los Realejos), la XV Carrera Popular Fiestas Cruz del Mocan 2019, Homenaje a Jos\u00e9 Maria Salazar Gomez, prueba incluida en el calendario &hellip; <\/p>\n<p><a class=\"more-link btn\" href=\"https:\/\/conchipcanarias.com\/?p=5126\">Seguir leyendo<\/a><\/p>\n","protected":false},"author":2,"featured_media":5027,"comment_status":"closed","ping_status":"closed","sticky":false,"template":"","format":"standard","meta":{"footnotes":""},"categories":[1],"tags":[],"class_list":["post-5126","post","type-post","status-publish","format-standard","has-post-thumbnail","hentry","category-noticias","nodate","item-wrap"],"yoast_head":"<!-- This site is optimized with the Yoast SEO plugin v27.5 - https:\/\/yoast.com\/product\/yoast-seo-wordpress\/ -->\n<title>BREVE RESUMEN CONCHIP CANARIAS SL: XV CARRERA POPULAR CRUZ DEL MOCAN 2019. - Conchip Canarias S.L<\/title>\n<meta name=\"robots\" content=\"index, follow, max-snippet:-1, max-image-preview:large, max-video-preview:-1\" \/>\n<link rel=\"canonical\" href=\"https:\/\/conchipcanarias.com\/?p=5126\" \/>\n<meta property=\"og:locale\" content=\"es_ES\" \/>\n<meta property=\"og:type\" content=\"article\" \/>\n<meta property=\"og:title\" content=\"BREVE RESUMEN CONCHIP CANARIAS SL: XV CARRERA POPULAR CRUZ DEL MOCAN 2019. - Conchip Canarias S.L\" \/>\n<meta property=\"og:description\" content=\"Ayoze Perez (Trivalle G\u00fc\u00edmar) y Ana Boullon (CD Vallivana) se imponen en el Mocan. (Los Realejos) En la ma\u00f1ana de hoy d\u00eda 1 de septiembre se ha realizado en el barrio del Mocan (Los Realejos), la XV Carrera Popular Fiestas Cruz del Mocan 2019, Homenaje a Jos\u00e9 Maria Salazar Gomez, prueba incluida en el calendario &hellip; Seguir leyendo\" \/>\n<meta property=\"og:url\" content=\"https:\/\/conchipcanarias.com\/?p=5126\" \/>\n<meta property=\"og:site_name\" content=\"Conchip Canarias S.L\" \/>\n<meta property=\"article:published_time\" content=\"2019-09-01T16:15:54+00:00\" \/>\n<meta property=\"article:modified_time\" content=\"2019-09-02T18:53:47+00:00\" \/>\n<meta property=\"og:image\" content=\"https:\/\/conchipcanarias.com\/wp-content\/uploads\/2019\/04\/mocan.jpg\" \/>\n\t<meta property=\"og:image:width\" content=\"4922\" \/>\n\t<meta property=\"og:image:height\" content=\"870\" \/>\n\t<meta property=\"og:image:type\" content=\"image\/jpeg\" \/>\n<meta name=\"author\" content=\"Jorge Sanch\u00eds Montero\" \/>\n<meta name=\"twitter:card\" content=\"summary_large_image\" \/>\n<meta name=\"twitter:label1\" content=\"Escrito por\" \/>\n\t<meta name=\"twitter:data1\" content=\"Jorge Sanch\u00eds Montero\" \/>\n\t<meta name=\"twitter:label2\" content=\"Tiempo de lectura\" \/>\n\t<meta name=\"twitter:data2\" content=\"2 minutos\" \/>\n<script type=\"application\/ld+json\" class=\"yoast-schema-graph\">{\"@context\":\"https:\\\/\\\/schema.org\",\"@graph\":[{\"@type\":\"Article\",\"@id\":\"https:\\\/\\\/conchipcanarias.com\\\/?p=5126#article\",\"isPartOf\":{\"@id\":\"https:\\\/\\\/conchipcanarias.com\\\/?p=5126\"},\"author\":{\"name\":\"Jorge Sanch\u00eds Montero\",\"@id\":\"https:\\\/\\\/conchipcanarias.com\\\/#\\\/schema\\\/person\\\/b60e1ca069cbc39080ff46da3c91f2ee\"},\"headline\":\"BREVE RESUMEN CONCHIP CANARIAS SL: XV CARRERA POPULAR CRUZ DEL MOCAN 2019.\",\"datePublished\":\"2019-09-01T16:15:54+00:00\",\"dateModified\":\"2019-09-02T18:53:47+00:00\",\"mainEntityOfPage\":{\"@id\":\"https:\\\/\\\/conchipcanarias.com\\\/?p=5126\"},\"wordCount\":479,\"publisher\":{\"@id\":\"https:\\\/\\\/conchipcanarias.com\\\/#organization\"},\"image\":{\"@id\":\"https:\\\/\\\/conchipcanarias.com\\\/?p=5126#primaryimage\"},\"thumbnailUrl\":\"https:\\\/\\\/conchipcanarias.com\\\/wp-content\\\/uploads\\\/2019\\\/04\\\/mocan.jpg\",\"articleSection\":[\"Noticias\"],\"inLanguage\":\"es\"},{\"@type\":\"WebPage\",\"@id\":\"https:\\\/\\\/conchipcanarias.com\\\/?p=5126\",\"url\":\"https:\\\/\\\/conchipcanarias.com\\\/?p=5126\",\"name\":\"BREVE RESUMEN CONCHIP CANARIAS SL: XV CARRERA POPULAR CRUZ DEL MOCAN 2019. - Conchip Canarias S.L\",\"isPartOf\":{\"@id\":\"https:\\\/\\\/conchipcanarias.com\\\/#website\"},\"primaryImageOfPage\":{\"@id\":\"https:\\\/\\\/conchipcanarias.com\\\/?p=5126#primaryimage\"},\"image\":{\"@id\":\"https:\\\/\\\/conchipcanarias.com\\\/?p=5126#primaryimage\"},\"thumbnailUrl\":\"https:\\\/\\\/conchipcanarias.com\\\/wp-content\\\/uploads\\\/2019\\\/04\\\/mocan.jpg\",\"datePublished\":\"2019-09-01T16:15:54+00:00\",\"dateModified\":\"2019-09-02T18:53:47+00:00\",\"breadcrumb\":{\"@id\":\"https:\\\/\\\/conchipcanarias.com\\\/?p=5126#breadcrumb\"},\"inLanguage\":\"es\",\"potentialAction\":[{\"@type\":\"ReadAction\",\"target\":[\"https:\\\/\\\/conchipcanarias.com\\\/?p=5126\"]}]},{\"@type\":\"ImageObject\",\"inLanguage\":\"es\",\"@id\":\"https:\\\/\\\/conchipcanarias.com\\\/?p=5126#primaryimage\",\"url\":\"https:\\\/\\\/conchipcanarias.com\\\/wp-content\\\/uploads\\\/2019\\\/04\\\/mocan.jpg\",\"contentUrl\":\"https:\\\/\\\/conchipcanarias.com\\\/wp-content\\\/uploads\\\/2019\\\/04\\\/mocan.jpg\",\"width\":4922,\"height\":870},{\"@type\":\"BreadcrumbList\",\"@id\":\"https:\\\/\\\/conchipcanarias.com\\\/?p=5126#breadcrumb\",\"itemListElement\":[{\"@type\":\"ListItem\",\"position\":1,\"name\":\"Portada\",\"item\":\"https:\\\/\\\/conchipcanarias.com\\\/\"},{\"@type\":\"ListItem\",\"position\":2,\"name\":\"BREVE RESUMEN CONCHIP CANARIAS SL: XV CARRERA POPULAR CRUZ DEL MOCAN 2019.\"}]},{\"@type\":\"WebSite\",\"@id\":\"https:\\\/\\\/conchipcanarias.com\\\/#website\",\"url\":\"https:\\\/\\\/conchipcanarias.com\\\/\",\"name\":\"Conchip Canarias S.L\",\"description\":\"Cronometraje y organizaci&oacute;n de eventos deportivos\",\"publisher\":{\"@id\":\"https:\\\/\\\/conchipcanarias.com\\\/#organization\"},\"potentialAction\":[{\"@type\":\"SearchAction\",\"target\":{\"@type\":\"EntryPoint\",\"urlTemplate\":\"https:\\\/\\\/conchipcanarias.com\\\/?s={search_term_string}\"},\"query-input\":{\"@type\":\"PropertyValueSpecification\",\"valueRequired\":true,\"valueName\":\"search_term_string\"}}],\"inLanguage\":\"es\"},{\"@type\":\"Organization\",\"@id\":\"https:\\\/\\\/conchipcanarias.com\\\/#organization\",\"name\":\"Conchip Canarias S.L.\",\"url\":\"https:\\\/\\\/conchipcanarias.com\\\/\",\"logo\":{\"@type\":\"ImageObject\",\"inLanguage\":\"es\",\"@id\":\"https:\\\/\\\/conchipcanarias.com\\\/#\\\/schema\\\/logo\\\/image\\\/\",\"url\":\"http:\\\/\\\/conchipcanarias.com\\\/wp-content\\\/uploads\\\/2016\\\/07\\\/logo1.png\",\"contentUrl\":\"http:\\\/\\\/conchipcanarias.com\\\/wp-content\\\/uploads\\\/2016\\\/07\\\/logo1.png\",\"width\":255,\"height\":255,\"caption\":\"Conchip Canarias S.L.\"},\"image\":{\"@id\":\"https:\\\/\\\/conchipcanarias.com\\\/#\\\/schema\\\/logo\\\/image\\\/\"}},{\"@type\":\"Person\",\"@id\":\"https:\\\/\\\/conchipcanarias.com\\\/#\\\/schema\\\/person\\\/b60e1ca069cbc39080ff46da3c91f2ee\",\"name\":\"Jorge Sanch\u00eds Montero\",\"url\":\"https:\\\/\\\/conchipcanarias.com\\\/?author=2\"}]}<\/script>\n<!-- \/ Yoast SEO plugin. -->","yoast_head_json":{"title":"BREVE RESUMEN CONCHIP CANARIAS SL: XV CARRERA POPULAR CRUZ DEL MOCAN 2019. - Conchip Canarias S.L","robots":{"index":"index","follow":"follow","max-snippet":"max-snippet:-1","max-image-preview":"max-image-preview:large","max-video-preview":"max-video-preview:-1"},"canonical":"https:\/\/conchipcanarias.com\/?p=5126","og_locale":"es_ES","og_type":"article","og_title":"BREVE RESUMEN CONCHIP CANARIAS SL: XV CARRERA POPULAR CRUZ DEL MOCAN 2019. - Conchip Canarias S.L","og_description":"Ayoze Perez (Trivalle G\u00fc\u00edmar) y Ana Boullon (CD Vallivana) se imponen en el Mocan. (Los Realejos) En la ma\u00f1ana de hoy d\u00eda 1 de septiembre se ha realizado en el barrio del Mocan (Los Realejos), la XV Carrera Popular Fiestas Cruz del Mocan 2019, Homenaje a Jos\u00e9 Maria Salazar Gomez, prueba incluida en el calendario &hellip; Seguir leyendo","og_url":"https:\/\/conchipcanarias.com\/?p=5126","og_site_name":"Conchip Canarias S.L","article_published_time":"2019-09-01T16:15:54+00:00","article_modified_time":"2019-09-02T18:53:47+00:00","og_image":[{"width":4922,"height":870,"url":"https:\/\/conchipcanarias.com\/wp-content\/uploads\/2019\/04\/mocan.jpg","type":"image\/jpeg"}],"author":"Jorge Sanch\u00eds Montero","twitter_card":"summary_large_image","twitter_misc":{"Escrito por":"Jorge Sanch\u00eds Montero","Tiempo de lectura":"2 minutos"},"schema":{"@context":"https:\/\/schema.org","@graph":[{"@type":"Article","@id":"https:\/\/conchipcanarias.com\/?p=5126#article","isPartOf":{"@id":"https:\/\/conchipcanarias.com\/?p=5126"},"author":{"name":"Jorge Sanch\u00eds Montero","@id":"https:\/\/conchipcanarias.com\/#\/schema\/person\/b60e1ca069cbc39080ff46da3c91f2ee"},"headline":"BREVE RESUMEN CONCHIP CANARIAS SL: XV CARRERA POPULAR CRUZ DEL MOCAN 2019.","datePublished":"2019-09-01T16:15:54+00:00","dateModified":"2019-09-02T18:53:47+00:00","mainEntityOfPage":{"@id":"https:\/\/conchipcanarias.com\/?p=5126"},"wordCount":479,"publisher":{"@id":"https:\/\/conchipcanarias.com\/#organization"},"image":{"@id":"https:\/\/conchipcanarias.com\/?p=5126#primaryimage"},"thumbnailUrl":"https:\/\/conchipcanarias.com\/wp-content\/uploads\/2019\/04\/mocan.jpg","articleSection":["Noticias"],"inLanguage":"es"},{"@type":"WebPage","@id":"https:\/\/conchipcanarias.com\/?p=5126","url":"https:\/\/conchipcanarias.com\/?p=5126","name":"BREVE RESUMEN CONCHIP CANARIAS SL: XV CARRERA POPULAR CRUZ DEL MOCAN 2019. - Conchip Canarias S.L","isPartOf":{"@id":"https:\/\/conchipcanarias.com\/#website"},"primaryImageOfPage":{"@id":"https:\/\/conchipcanarias.com\/?p=5126#primaryimage"},"image":{"@id":"https:\/\/conchipcanarias.com\/?p=5126#primaryimage"},"thumbnailUrl":"https:\/\/conchipcanarias.com\/wp-content\/uploads\/2019\/04\/mocan.jpg","datePublished":"2019-09-01T16:15:54+00:00","dateModified":"2019-09-02T18:53:47+00:00","breadcrumb":{"@id":"https:\/\/conchipcanarias.com\/?p=5126#breadcrumb"},"inLanguage":"es","potentialAction":[{"@type":"ReadAction","target":["https:\/\/conchipcanarias.com\/?p=5126"]}]},{"@type":"ImageObject","inLanguage":"es","@id":"https:\/\/conchipcanarias.com\/?p=5126#primaryimage","url":"https:\/\/conchipcanarias.com\/wp-content\/uploads\/2019\/04\/mocan.jpg","contentUrl":"https:\/\/conchipcanarias.com\/wp-content\/uploads\/2019\/04\/mocan.jpg","width":4922,"height":870},{"@type":"BreadcrumbList","@id":"https:\/\/conchipcanarias.com\/?p=5126#breadcrumb","itemListElement":[{"@type":"ListItem","position":1,"name":"Portada","item":"https:\/\/conchipcanarias.com\/"},{"@type":"ListItem","position":2,"name":"BREVE RESUMEN CONCHIP CANARIAS SL: XV CARRERA POPULAR CRUZ DEL MOCAN 2019."}]},{"@type":"WebSite","@id":"https:\/\/conchipcanarias.com\/#website","url":"https:\/\/conchipcanarias.com\/","name":"Conchip Canarias S.L","description":"Cronometraje y organizaci&oacute;n de eventos deportivos","publisher":{"@id":"https:\/\/conchipcanarias.com\/#organization"},"potentialAction":[{"@type":"SearchAction","target":{"@type":"EntryPoint","urlTemplate":"https:\/\/conchipcanarias.com\/?s={search_term_string}"},"query-input":{"@type":"PropertyValueSpecification","valueRequired":true,"valueName":"search_term_string"}}],"inLanguage":"es"},{"@type":"Organization","@id":"https:\/\/conchipcanarias.com\/#organization","name":"Conchip Canarias S.L.","url":"https:\/\/conchipcanarias.com\/","logo":{"@type":"ImageObject","inLanguage":"es","@id":"https:\/\/conchipcanarias.com\/#\/schema\/logo\/image\/","url":"http:\/\/conchipcanarias.com\/wp-content\/uploads\/2016\/07\/logo1.png","contentUrl":"http:\/\/conchipcanarias.com\/wp-content\/uploads\/2016\/07\/logo1.png","width":255,"height":255,"caption":"Conchip Canarias S.L."},"image":{"@id":"https:\/\/conchipcanarias.com\/#\/schema\/logo\/image\/"}},{"@type":"Person","@id":"https:\/\/conchipcanarias.com\/#\/schema\/person\/b60e1ca069cbc39080ff46da3c91f2ee","name":"Jorge Sanch\u00eds Montero","url":"https:\/\/conchipcanarias.com\/?author=2"}]}},"_links":{"self":[{"href":"https:\/\/conchipcanarias.com\/index.php?rest_route=\/wp\/v2\/posts\/5126","targetHints":{"allow":["GET"]}}],"collection":[{"href":"https:\/\/conchipcanarias.com\/index.php?rest_route=\/wp\/v2\/posts"}],"about":[{"href":"https:\/\/conchipcanarias.com\/index.php?rest_route=\/wp\/v2\/types\/post"}],"author":[{"embeddable":true,"href":"https:\/\/conchipcanarias.com\/index.php?rest_route=\/wp\/v2\/users\/2"}],"replies":[{"embeddable":true,"href":"https:\/\/conchipcanarias.com\/index.php?rest_route=%2Fwp%2Fv2%2Fcomments&post=5126"}],"version-history":[{"count":2,"href":"https:\/\/conchipcanarias.com\/index.php?rest_route=\/wp\/v2\/posts\/5126\/revisions"}],"predecessor-version":[{"id":5155,"href":"https:\/\/conchipcanarias.com\/index.php?rest_route=\/wp\/v2\/posts\/5126\/revisions\/5155"}],"wp:featuredmedia":[{"embeddable":true,"href":"https:\/\/conchipcanarias.com\/index.php?rest_route=\/wp\/v2\/media\/5027"}],"wp:attachment":[{"href":"https:\/\/conchipcanarias.com\/index.php?rest_route=%2Fwp%2Fv2%2Fmedia&parent=5126"}],"wp:term":[{"taxonomy":"category","embeddable":true,"href":"https:\/\/conchipcanarias.com\/index.php?rest_route=%2Fwp%2Fv2%2Fcategories&post=5126"},{"taxonomy":"post_tag","embeddable":true,"href":"https:\/\/conchipcanarias.com\/index.php?rest_route=%2Fwp%2Fv2%2Ftags&post=5126"}],"curies":[{"name":"wp","href":"https:\/\/api.w.org\/{rel}","templated":true}]}}