{"id":4722,"date":"2019-06-02T17:51:45","date_gmt":"2019-06-02T17:51:45","guid":{"rendered":"http:\/\/conchipcanarias.com\/?p=4722"},"modified":"2019-06-02T17:51:47","modified_gmt":"2019-06-02T17:51:47","slug":"breve-resumen-conchip-canarias-sl-iv-vertical-prois-de-candelaria-2019","status":"publish","type":"post","link":"https:\/\/conchipcanarias.com\/?p=4722","title":{"rendered":"BREVE RESUMEN CONCHIP CANARIAS SL: IV VERTICAL PROIS DE CANDELARIA 2019."},"content":{"rendered":"<p><span style=\"color: #0000ff;\"><strong><a href=\"https:\/\/conchipcanarias.com\/wp-content\/uploads\/2019\/06\/DSC_0188.jpg\" rel=\"wpdevart_lightbox\"><img loading=\"lazy\" decoding=\"async\" class=\" wp-image-4724 alignleft\" src=\"https:\/\/conchipcanarias.com\/wp-content\/uploads\/2019\/06\/DSC_0188-300x203.jpg\" alt=\"\" width=\"245\" height=\"166\" srcset=\"https:\/\/conchipcanarias.com\/wp-content\/uploads\/2019\/06\/DSC_0188-300x203.jpg 300w, https:\/\/conchipcanarias.com\/wp-content\/uploads\/2019\/06\/DSC_0188-768x519.jpg 768w, https:\/\/conchipcanarias.com\/wp-content\/uploads\/2019\/06\/DSC_0188-1024x692.jpg 1024w, https:\/\/conchipcanarias.com\/wp-content\/uploads\/2019\/06\/DSC_0188.jpg 1620w\" sizes=\"auto, (max-width: 245px) 100vw, 245px\" \/><\/a>Yoel De Paz y Amada s\u00e1nchez se imponen en una Tarde de records en Tijarafe.<\/strong><\/span><\/p>\n<p>El pasado s\u00e1bado <strong>1 de junio<\/strong> se celebr\u00f3 en el municipio palmero de <strong>Tijarafe<\/strong>, la cuarta edici\u00f3n de la carrera\u00a0 <strong>\u201cVERTICAL PROIS DE CANDELARIA 2019\u201d<\/strong>, prueba incluida en el calendario de la <strong>Federaci\u00f3n canaria de Monta\u00f1ismo<\/strong> siendo adem\u00e1s un a\u00f1o m\u00e1s <strong>CTO Canarias de carreras verticales por monta\u00f1a<\/strong>\u00a0 y adem\u00e1s fue prueba puntuable en la <strong>II Copa Naviera Armas \u00a0de carreras verticales\u00a0 2019.<\/strong><\/p>\n<p><a href=\"https:\/\/conchipcanarias.com\/wp-content\/uploads\/2019\/06\/DSC_0130.jpg\" rel=\"wpdevart_lightbox\"><img loading=\"lazy\" decoding=\"async\" class=\" wp-image-4725 alignright\" src=\"https:\/\/conchipcanarias.com\/wp-content\/uploads\/2019\/06\/DSC_0130-300x203.jpg\" alt=\"\" width=\"253\" height=\"171\" srcset=\"https:\/\/conchipcanarias.com\/wp-content\/uploads\/2019\/06\/DSC_0130-300x203.jpg 300w, https:\/\/conchipcanarias.com\/wp-content\/uploads\/2019\/06\/DSC_0130-768x519.jpg 768w, https:\/\/conchipcanarias.com\/wp-content\/uploads\/2019\/06\/DSC_0130-1024x692.jpg 1024w, https:\/\/conchipcanarias.com\/wp-content\/uploads\/2019\/06\/DSC_0130.jpg 1620w\" sizes=\"auto, (max-width: 253px) 100vw, 253px\" \/><\/a>Gran participaci\u00f3n con r\u00e9cord de inscripci\u00f3n con 159 participantes entre todas las categor\u00edas, en la prueba masculina el ganador fue el Promesa <strong>Yoel De P\u00e1ez Baeza (Benhoritas Running)<\/strong> con nuevo r\u00e9cord de la prueba firmando una magn\u00edfica actuaci\u00f3n y poniendo bien alto el list\u00f3n para volver a batir el nuevo r\u00e9cord de 24\u201930\u2019\u2019, tras el entro el vencedor de la pasada edici\u00f3n <strong>Victor Luis Concepci\u00f3n Rodriguez (CD Bing Bang)<\/strong> con un crono de 26\u201913\u2019\u2019, seguido en tercera posici\u00f3n por el junior <strong>Alejandro Rodriguez Rodriguez del CD Hilera<\/strong>, con un tiempo de 27\u201921.<\/p>\n<p><a href=\"https:\/\/conchipcanarias.com\/wp-content\/uploads\/2019\/06\/DSC_0181.jpg\" rel=\"wpdevart_lightbox\"><img loading=\"lazy\" decoding=\"async\" class=\" wp-image-4726 alignleft\" src=\"https:\/\/conchipcanarias.com\/wp-content\/uploads\/2019\/06\/DSC_0181-300x203.jpg\" alt=\"\" width=\"259\" height=\"175\" srcset=\"https:\/\/conchipcanarias.com\/wp-content\/uploads\/2019\/06\/DSC_0181-300x203.jpg 300w, https:\/\/conchipcanarias.com\/wp-content\/uploads\/2019\/06\/DSC_0181-768x519.jpg 768w, https:\/\/conchipcanarias.com\/wp-content\/uploads\/2019\/06\/DSC_0181-1024x692.jpg 1024w, https:\/\/conchipcanarias.com\/wp-content\/uploads\/2019\/06\/DSC_0181.jpg 1620w\" sizes=\"auto, (max-width: 259px) 100vw, 259px\" \/><\/a>En la categor\u00eda femenina tambi\u00e9n se bati\u00f3 el r\u00e9cord de la prueba conseguido por <strong>Amada S\u00e1nchez Rivero (CD Vallivana)<\/strong> con un crono de 33\u201928\u2019\u2019 firmando una muy buena carrera, en segunda posici\u00f3n entro la corredora <strong>Bel\u00e9n Alcalde Pampliega (Trecus)<\/strong> con un tiempo de 33\u201954, seguida en tercera posici\u00f3n de por <strong>Aurelia Perez Frincine (Trecus)<\/strong> con un tiempo de 35\u201950\u2019\u2019.<\/p>\n<p>Tras la ceremonia de entrega de premios se procedi\u00f3 a la entrega de premios del <strong>CTO Canarias<\/strong>, donde se proclam\u00f3 campe\u00f3n\u00a0 <strong>Yoel De P\u00e1ez Baeza y Ana <a href=\"https:\/\/conchipcanarias.com\/wp-content\/uploads\/2019\/06\/DSC_0008.jpg\" rel=\"wpdevart_lightbox\"><img loading=\"lazy\" decoding=\"async\" class=\" wp-image-4727 alignright\" src=\"https:\/\/conchipcanarias.com\/wp-content\/uploads\/2019\/06\/DSC_0008-300x203.jpg\" alt=\"\" width=\"260\" height=\"176\" srcset=\"https:\/\/conchipcanarias.com\/wp-content\/uploads\/2019\/06\/DSC_0008-300x203.jpg 300w, https:\/\/conchipcanarias.com\/wp-content\/uploads\/2019\/06\/DSC_0008-768x519.jpg 768w, https:\/\/conchipcanarias.com\/wp-content\/uploads\/2019\/06\/DSC_0008-1024x692.jpg 1024w, https:\/\/conchipcanarias.com\/wp-content\/uploads\/2019\/06\/DSC_0008.jpg 1620w\" sizes=\"auto, (max-width: 260px) 100vw, 260px\" \/><\/a>Bego\u00f1a Gonzalez Francisco.<\/strong><\/p>\n<p>Clasificaci\u00f3n: <a href=\"http:\/\/conxip.com\/result.php?IdEvento=2224\"><strong>(Pincha Aqu\u00ed)<\/strong><\/a><\/p>\n<p>Tras la finalizaci\u00f3n la organizaci\u00f3n brindo una paella para corredores y familiares como fin de fiesta..<\/p>\n<p>Enhorabuena a tod@s.<\/p>\n","protected":false},"excerpt":{"rendered":"<p>Yoel De Paz y Amada s\u00e1nchez se imponen en una Tarde de records en Tijarafe. El pasado s\u00e1bado 1 de junio se celebr\u00f3 en el municipio palmero de Tijarafe, la cuarta edici\u00f3n de la carrera\u00a0 \u201cVERTICAL PROIS DE CANDELARIA 2019\u201d, prueba incluida en el calendario de la Federaci\u00f3n canaria de Monta\u00f1ismo siendo adem\u00e1s un a\u00f1o &hellip; <\/p>\n<p><a class=\"more-link btn\" href=\"https:\/\/conchipcanarias.com\/?p=4722\">Seguir leyendo<\/a><\/p>\n","protected":false},"author":2,"featured_media":4264,"comment_status":"closed","ping_status":"closed","sticky":false,"template":"","format":"standard","meta":{"footnotes":""},"categories":[1],"tags":[],"class_list":["post-4722","post","type-post","status-publish","format-standard","has-post-thumbnail","hentry","category-noticias","nodate","item-wrap"],"yoast_head":"<!-- This site is optimized with the Yoast SEO plugin v27.5 - https:\/\/yoast.com\/product\/yoast-seo-wordpress\/ -->\n<title>BREVE RESUMEN CONCHIP CANARIAS SL: IV VERTICAL PROIS DE CANDELARIA 2019. - Conchip Canarias S.L<\/title>\n<meta name=\"robots\" content=\"index, follow, max-snippet:-1, max-image-preview:large, max-video-preview:-1\" \/>\n<link rel=\"canonical\" href=\"https:\/\/conchipcanarias.com\/?p=4722\" \/>\n<meta property=\"og:locale\" content=\"es_ES\" \/>\n<meta property=\"og:type\" content=\"article\" \/>\n<meta property=\"og:title\" content=\"BREVE RESUMEN CONCHIP CANARIAS SL: IV VERTICAL PROIS DE CANDELARIA 2019. - Conchip Canarias S.L\" \/>\n<meta property=\"og:description\" content=\"Yoel De Paz y Amada s\u00e1nchez se imponen en una Tarde de records en Tijarafe. El pasado s\u00e1bado 1 de junio se celebr\u00f3 en el municipio palmero de Tijarafe, la cuarta edici\u00f3n de la carrera\u00a0 \u201cVERTICAL PROIS DE CANDELARIA 2019\u201d, prueba incluida en el calendario de la Federaci\u00f3n canaria de Monta\u00f1ismo siendo adem\u00e1s un a\u00f1o &hellip; Seguir leyendo\" \/>\n<meta property=\"og:url\" content=\"https:\/\/conchipcanarias.com\/?p=4722\" \/>\n<meta property=\"og:site_name\" content=\"Conchip Canarias S.L\" \/>\n<meta property=\"article:published_time\" content=\"2019-06-02T17:51:45+00:00\" \/>\n<meta property=\"article:modified_time\" content=\"2019-06-02T17:51:47+00:00\" \/>\n<meta property=\"og:image\" content=\"https:\/\/conchipcanarias.com\/wp-content\/uploads\/2019\/04\/2217_cabecera_conchip_canarias.jpg\" \/>\n\t<meta property=\"og:image:width\" content=\"4910\" \/>\n\t<meta property=\"og:image:height\" content=\"860\" \/>\n\t<meta property=\"og:image:type\" content=\"image\/jpeg\" \/>\n<meta name=\"author\" content=\"Jorge Sanch\u00eds Montero\" \/>\n<meta name=\"twitter:card\" content=\"summary_large_image\" \/>\n<meta name=\"twitter:label1\" content=\"Escrito por\" \/>\n\t<meta name=\"twitter:data1\" content=\"Jorge Sanch\u00eds Montero\" \/>\n\t<meta name=\"twitter:label2\" content=\"Tiempo de lectura\" \/>\n\t<meta name=\"twitter:data2\" content=\"2 minutos\" \/>\n<script type=\"application\/ld+json\" class=\"yoast-schema-graph\">{\"@context\":\"https:\\\/\\\/schema.org\",\"@graph\":[{\"@type\":\"Article\",\"@id\":\"https:\\\/\\\/conchipcanarias.com\\\/?p=4722#article\",\"isPartOf\":{\"@id\":\"https:\\\/\\\/conchipcanarias.com\\\/?p=4722\"},\"author\":{\"name\":\"Jorge Sanch\u00eds Montero\",\"@id\":\"https:\\\/\\\/conchipcanarias.com\\\/#\\\/schema\\\/person\\\/b60e1ca069cbc39080ff46da3c91f2ee\"},\"headline\":\"BREVE RESUMEN CONCHIP CANARIAS SL: IV VERTICAL PROIS DE CANDELARIA 2019.\",\"datePublished\":\"2019-06-02T17:51:45+00:00\",\"dateModified\":\"2019-06-02T17:51:47+00:00\",\"mainEntityOfPage\":{\"@id\":\"https:\\\/\\\/conchipcanarias.com\\\/?p=4722\"},\"wordCount\":318,\"publisher\":{\"@id\":\"https:\\\/\\\/conchipcanarias.com\\\/#organization\"},\"image\":{\"@id\":\"https:\\\/\\\/conchipcanarias.com\\\/?p=4722#primaryimage\"},\"thumbnailUrl\":\"https:\\\/\\\/conchipcanarias.com\\\/wp-content\\\/uploads\\\/2019\\\/04\\\/2217_cabecera_conchip_canarias.jpg\",\"articleSection\":[\"Noticias\"],\"inLanguage\":\"es\"},{\"@type\":\"WebPage\",\"@id\":\"https:\\\/\\\/conchipcanarias.com\\\/?p=4722\",\"url\":\"https:\\\/\\\/conchipcanarias.com\\\/?p=4722\",\"name\":\"BREVE RESUMEN CONCHIP CANARIAS SL: IV VERTICAL PROIS DE CANDELARIA 2019. - Conchip Canarias S.L\",\"isPartOf\":{\"@id\":\"https:\\\/\\\/conchipcanarias.com\\\/#website\"},\"primaryImageOfPage\":{\"@id\":\"https:\\\/\\\/conchipcanarias.com\\\/?p=4722#primaryimage\"},\"image\":{\"@id\":\"https:\\\/\\\/conchipcanarias.com\\\/?p=4722#primaryimage\"},\"thumbnailUrl\":\"https:\\\/\\\/conchipcanarias.com\\\/wp-content\\\/uploads\\\/2019\\\/04\\\/2217_cabecera_conchip_canarias.jpg\",\"datePublished\":\"2019-06-02T17:51:45+00:00\",\"dateModified\":\"2019-06-02T17:51:47+00:00\",\"breadcrumb\":{\"@id\":\"https:\\\/\\\/conchipcanarias.com\\\/?p=4722#breadcrumb\"},\"inLanguage\":\"es\",\"potentialAction\":[{\"@type\":\"ReadAction\",\"target\":[\"https:\\\/\\\/conchipcanarias.com\\\/?p=4722\"]}]},{\"@type\":\"ImageObject\",\"inLanguage\":\"es\",\"@id\":\"https:\\\/\\\/conchipcanarias.com\\\/?p=4722#primaryimage\",\"url\":\"https:\\\/\\\/conchipcanarias.com\\\/wp-content\\\/uploads\\\/2019\\\/04\\\/2217_cabecera_conchip_canarias.jpg\",\"contentUrl\":\"https:\\\/\\\/conchipcanarias.com\\\/wp-content\\\/uploads\\\/2019\\\/04\\\/2217_cabecera_conchip_canarias.jpg\",\"width\":4910,\"height\":860},{\"@type\":\"BreadcrumbList\",\"@id\":\"https:\\\/\\\/conchipcanarias.com\\\/?p=4722#breadcrumb\",\"itemListElement\":[{\"@type\":\"ListItem\",\"position\":1,\"name\":\"Portada\",\"item\":\"https:\\\/\\\/conchipcanarias.com\\\/\"},{\"@type\":\"ListItem\",\"position\":2,\"name\":\"BREVE RESUMEN CONCHIP CANARIAS SL: IV VERTICAL PROIS DE CANDELARIA 2019.\"}]},{\"@type\":\"WebSite\",\"@id\":\"https:\\\/\\\/conchipcanarias.com\\\/#website\",\"url\":\"https:\\\/\\\/conchipcanarias.com\\\/\",\"name\":\"Conchip Canarias S.L\",\"description\":\"Cronometraje y organizaci&oacute;n de eventos deportivos\",\"publisher\":{\"@id\":\"https:\\\/\\\/conchipcanarias.com\\\/#organization\"},\"potentialAction\":[{\"@type\":\"SearchAction\",\"target\":{\"@type\":\"EntryPoint\",\"urlTemplate\":\"https:\\\/\\\/conchipcanarias.com\\\/?s={search_term_string}\"},\"query-input\":{\"@type\":\"PropertyValueSpecification\",\"valueRequired\":true,\"valueName\":\"search_term_string\"}}],\"inLanguage\":\"es\"},{\"@type\":\"Organization\",\"@id\":\"https:\\\/\\\/conchipcanarias.com\\\/#organization\",\"name\":\"Conchip Canarias S.L.\",\"url\":\"https:\\\/\\\/conchipcanarias.com\\\/\",\"logo\":{\"@type\":\"ImageObject\",\"inLanguage\":\"es\",\"@id\":\"https:\\\/\\\/conchipcanarias.com\\\/#\\\/schema\\\/logo\\\/image\\\/\",\"url\":\"http:\\\/\\\/conchipcanarias.com\\\/wp-content\\\/uploads\\\/2016\\\/07\\\/logo1.png\",\"contentUrl\":\"http:\\\/\\\/conchipcanarias.com\\\/wp-content\\\/uploads\\\/2016\\\/07\\\/logo1.png\",\"width\":255,\"height\":255,\"caption\":\"Conchip Canarias S.L.\"},\"image\":{\"@id\":\"https:\\\/\\\/conchipcanarias.com\\\/#\\\/schema\\\/logo\\\/image\\\/\"}},{\"@type\":\"Person\",\"@id\":\"https:\\\/\\\/conchipcanarias.com\\\/#\\\/schema\\\/person\\\/b60e1ca069cbc39080ff46da3c91f2ee\",\"name\":\"Jorge Sanch\u00eds Montero\",\"url\":\"https:\\\/\\\/conchipcanarias.com\\\/?author=2\"}]}<\/script>\n<!-- \/ Yoast SEO plugin. -->","yoast_head_json":{"title":"BREVE RESUMEN CONCHIP CANARIAS SL: IV VERTICAL PROIS DE CANDELARIA 2019. - Conchip Canarias S.L","robots":{"index":"index","follow":"follow","max-snippet":"max-snippet:-1","max-image-preview":"max-image-preview:large","max-video-preview":"max-video-preview:-1"},"canonical":"https:\/\/conchipcanarias.com\/?p=4722","og_locale":"es_ES","og_type":"article","og_title":"BREVE RESUMEN CONCHIP CANARIAS SL: IV VERTICAL PROIS DE CANDELARIA 2019. - Conchip Canarias S.L","og_description":"Yoel De Paz y Amada s\u00e1nchez se imponen en una Tarde de records en Tijarafe. El pasado s\u00e1bado 1 de junio se celebr\u00f3 en el municipio palmero de Tijarafe, la cuarta edici\u00f3n de la carrera\u00a0 \u201cVERTICAL PROIS DE CANDELARIA 2019\u201d, prueba incluida en el calendario de la Federaci\u00f3n canaria de Monta\u00f1ismo siendo adem\u00e1s un a\u00f1o &hellip; Seguir leyendo","og_url":"https:\/\/conchipcanarias.com\/?p=4722","og_site_name":"Conchip Canarias S.L","article_published_time":"2019-06-02T17:51:45+00:00","article_modified_time":"2019-06-02T17:51:47+00:00","og_image":[{"width":4910,"height":860,"url":"https:\/\/conchipcanarias.com\/wp-content\/uploads\/2019\/04\/2217_cabecera_conchip_canarias.jpg","type":"image\/jpeg"}],"author":"Jorge Sanch\u00eds Montero","twitter_card":"summary_large_image","twitter_misc":{"Escrito por":"Jorge Sanch\u00eds Montero","Tiempo de lectura":"2 minutos"},"schema":{"@context":"https:\/\/schema.org","@graph":[{"@type":"Article","@id":"https:\/\/conchipcanarias.com\/?p=4722#article","isPartOf":{"@id":"https:\/\/conchipcanarias.com\/?p=4722"},"author":{"name":"Jorge Sanch\u00eds Montero","@id":"https:\/\/conchipcanarias.com\/#\/schema\/person\/b60e1ca069cbc39080ff46da3c91f2ee"},"headline":"BREVE RESUMEN CONCHIP CANARIAS SL: IV VERTICAL PROIS DE CANDELARIA 2019.","datePublished":"2019-06-02T17:51:45+00:00","dateModified":"2019-06-02T17:51:47+00:00","mainEntityOfPage":{"@id":"https:\/\/conchipcanarias.com\/?p=4722"},"wordCount":318,"publisher":{"@id":"https:\/\/conchipcanarias.com\/#organization"},"image":{"@id":"https:\/\/conchipcanarias.com\/?p=4722#primaryimage"},"thumbnailUrl":"https:\/\/conchipcanarias.com\/wp-content\/uploads\/2019\/04\/2217_cabecera_conchip_canarias.jpg","articleSection":["Noticias"],"inLanguage":"es"},{"@type":"WebPage","@id":"https:\/\/conchipcanarias.com\/?p=4722","url":"https:\/\/conchipcanarias.com\/?p=4722","name":"BREVE RESUMEN CONCHIP CANARIAS SL: IV VERTICAL PROIS DE CANDELARIA 2019. - Conchip Canarias S.L","isPartOf":{"@id":"https:\/\/conchipcanarias.com\/#website"},"primaryImageOfPage":{"@id":"https:\/\/conchipcanarias.com\/?p=4722#primaryimage"},"image":{"@id":"https:\/\/conchipcanarias.com\/?p=4722#primaryimage"},"thumbnailUrl":"https:\/\/conchipcanarias.com\/wp-content\/uploads\/2019\/04\/2217_cabecera_conchip_canarias.jpg","datePublished":"2019-06-02T17:51:45+00:00","dateModified":"2019-06-02T17:51:47+00:00","breadcrumb":{"@id":"https:\/\/conchipcanarias.com\/?p=4722#breadcrumb"},"inLanguage":"es","potentialAction":[{"@type":"ReadAction","target":["https:\/\/conchipcanarias.com\/?p=4722"]}]},{"@type":"ImageObject","inLanguage":"es","@id":"https:\/\/conchipcanarias.com\/?p=4722#primaryimage","url":"https:\/\/conchipcanarias.com\/wp-content\/uploads\/2019\/04\/2217_cabecera_conchip_canarias.jpg","contentUrl":"https:\/\/conchipcanarias.com\/wp-content\/uploads\/2019\/04\/2217_cabecera_conchip_canarias.jpg","width":4910,"height":860},{"@type":"BreadcrumbList","@id":"https:\/\/conchipcanarias.com\/?p=4722#breadcrumb","itemListElement":[{"@type":"ListItem","position":1,"name":"Portada","item":"https:\/\/conchipcanarias.com\/"},{"@type":"ListItem","position":2,"name":"BREVE RESUMEN CONCHIP CANARIAS SL: IV VERTICAL PROIS DE CANDELARIA 2019."}]},{"@type":"WebSite","@id":"https:\/\/conchipcanarias.com\/#website","url":"https:\/\/conchipcanarias.com\/","name":"Conchip Canarias S.L","description":"Cronometraje y organizaci&oacute;n de eventos deportivos","publisher":{"@id":"https:\/\/conchipcanarias.com\/#organization"},"potentialAction":[{"@type":"SearchAction","target":{"@type":"EntryPoint","urlTemplate":"https:\/\/conchipcanarias.com\/?s={search_term_string}"},"query-input":{"@type":"PropertyValueSpecification","valueRequired":true,"valueName":"search_term_string"}}],"inLanguage":"es"},{"@type":"Organization","@id":"https:\/\/conchipcanarias.com\/#organization","name":"Conchip Canarias S.L.","url":"https:\/\/conchipcanarias.com\/","logo":{"@type":"ImageObject","inLanguage":"es","@id":"https:\/\/conchipcanarias.com\/#\/schema\/logo\/image\/","url":"http:\/\/conchipcanarias.com\/wp-content\/uploads\/2016\/07\/logo1.png","contentUrl":"http:\/\/conchipcanarias.com\/wp-content\/uploads\/2016\/07\/logo1.png","width":255,"height":255,"caption":"Conchip Canarias S.L."},"image":{"@id":"https:\/\/conchipcanarias.com\/#\/schema\/logo\/image\/"}},{"@type":"Person","@id":"https:\/\/conchipcanarias.com\/#\/schema\/person\/b60e1ca069cbc39080ff46da3c91f2ee","name":"Jorge Sanch\u00eds Montero","url":"https:\/\/conchipcanarias.com\/?author=2"}]}},"_links":{"self":[{"href":"https:\/\/conchipcanarias.com\/index.php?rest_route=\/wp\/v2\/posts\/4722","targetHints":{"allow":["GET"]}}],"collection":[{"href":"https:\/\/conchipcanarias.com\/index.php?rest_route=\/wp\/v2\/posts"}],"about":[{"href":"https:\/\/conchipcanarias.com\/index.php?rest_route=\/wp\/v2\/types\/post"}],"author":[{"embeddable":true,"href":"https:\/\/conchipcanarias.com\/index.php?rest_route=\/wp\/v2\/users\/2"}],"replies":[{"embeddable":true,"href":"https:\/\/conchipcanarias.com\/index.php?rest_route=%2Fwp%2Fv2%2Fcomments&post=4722"}],"version-history":[{"count":1,"href":"https:\/\/conchipcanarias.com\/index.php?rest_route=\/wp\/v2\/posts\/4722\/revisions"}],"predecessor-version":[{"id":4728,"href":"https:\/\/conchipcanarias.com\/index.php?rest_route=\/wp\/v2\/posts\/4722\/revisions\/4728"}],"wp:featuredmedia":[{"embeddable":true,"href":"https:\/\/conchipcanarias.com\/index.php?rest_route=\/wp\/v2\/media\/4264"}],"wp:attachment":[{"href":"https:\/\/conchipcanarias.com\/index.php?rest_route=%2Fwp%2Fv2%2Fmedia&parent=4722"}],"wp:term":[{"taxonomy":"category","embeddable":true,"href":"https:\/\/conchipcanarias.com\/index.php?rest_route=%2Fwp%2Fv2%2Fcategories&post=4722"},{"taxonomy":"post_tag","embeddable":true,"href":"https:\/\/conchipcanarias.com\/index.php?rest_route=%2Fwp%2Fv2%2Ftags&post=4722"}],"curies":[{"name":"wp","href":"https:\/\/api.w.org\/{rel}","templated":true}]}}