{"id":4682,"date":"2019-05-12T19:23:00","date_gmt":"2019-05-12T19:23:00","guid":{"rendered":"http:\/\/conchipcanarias.com\/?p=4682"},"modified":"2019-05-12T20:44:35","modified_gmt":"2019-05-12T20:44:35","slug":"breve-resumen-conchip-canarias-sl-ix-carrera-de-montana-ravelo-sauzal-2019","status":"publish","type":"post","link":"https:\/\/conchipcanarias.com\/?p=4682","title":{"rendered":"BREVE RESUMEN CONCHIP CANARIAS SL: IX CARRERA DE MONTA\u00d1A RAVELO SAUZAL 2019."},"content":{"rendered":"<p><a href=\"https:\/\/conchipcanarias.com\/wp-content\/uploads\/2019\/05\/DSC_0316.jpg\" rel=\"wpdevart_lightbox\"><img loading=\"lazy\" decoding=\"async\" class=\" wp-image-4683 alignleft\" src=\"https:\/\/conchipcanarias.com\/wp-content\/uploads\/2019\/05\/DSC_0316-300x203.jpg\" alt=\"\" width=\"263\" height=\"178\" srcset=\"https:\/\/conchipcanarias.com\/wp-content\/uploads\/2019\/05\/DSC_0316-300x203.jpg 300w, https:\/\/conchipcanarias.com\/wp-content\/uploads\/2019\/05\/DSC_0316-768x519.jpg 768w, https:\/\/conchipcanarias.com\/wp-content\/uploads\/2019\/05\/DSC_0316-1024x692.jpg 1024w, https:\/\/conchipcanarias.com\/wp-content\/uploads\/2019\/05\/DSC_0316.jpg 1620w\" sizes=\"auto, (max-width: 263px) 100vw, 263px\" \/><\/a>En la ma\u00f1ana de hoy domingo <strong>12 de mayo<\/strong> se ha celebrado la novena edici\u00f3n de la carrera de monta\u00f1a <strong>Ravelo Sauzal 2019<\/strong>, prueba incluida en el calendario de la <strong>Federaci\u00f3n Insular de atletismo;<\/strong> con ola de calor incluida \u00a0y con r\u00e9cord de inscritos <strong>(412)<\/strong> corredores que se dieron cita en el campo de futbol <strong>El Ravelo<\/strong>, la organizaci\u00f3n se vio obligada a suspender este a\u00f1o la modalidad <strong>Canicross<\/strong> por la mencionada ola de calor.<\/p>\n<p><a href=\"https:\/\/conchipcanarias.com\/wp-content\/uploads\/2019\/05\/DSC_0381.jpg\" rel=\"wpdevart_lightbox\"><img loading=\"lazy\" decoding=\"async\" class=\" wp-image-4684 alignright\" src=\"https:\/\/conchipcanarias.com\/wp-content\/uploads\/2019\/05\/DSC_0381-300x203.jpg\" alt=\"\" width=\"270\" height=\"183\" srcset=\"https:\/\/conchipcanarias.com\/wp-content\/uploads\/2019\/05\/DSC_0381-300x203.jpg 300w, https:\/\/conchipcanarias.com\/wp-content\/uploads\/2019\/05\/DSC_0381-768x519.jpg 768w, https:\/\/conchipcanarias.com\/wp-content\/uploads\/2019\/05\/DSC_0381-1024x692.jpg 1024w, https:\/\/conchipcanarias.com\/wp-content\/uploads\/2019\/05\/DSC_0381.jpg 1620w\" sizes=\"auto, (max-width: 270px) 100vw, 270px\" \/><\/a>Poco antes de las 9:00 se dio pistoletazo de salida a las modalidades de <strong>21km<\/strong> y <strong>14km<\/strong> para dar paso sobre las 9:10 a la distancia m\u00e1s corta de <strong>8km<\/strong>.<\/p>\n<p>En la prueba reina de los <strong>21km<\/strong> los corredores m\u00e1s r\u00e1pidos en la categor\u00eda masculina fueron como primer clasificado <strong>Sergio Amaya Herrera<\/strong> paro el crono en 1:52\u201952\u2019\u2019, seguido de <strong>Nestor Garcia Exposito (CD Desnivel)<\/strong> con 1:54\u201923\u2019\u2019 seguido en tercera posici\u00f3n por <strong>Jonathan Hernandez Benitez (Ultratenetrail)<\/strong> que para el crono en 1:55\u201924\u2019\u2019.<\/p>\n<p><a href=\"https:\/\/conchipcanarias.com\/wp-content\/uploads\/2019\/05\/DSC_0322.jpg\" rel=\"wpdevart_lightbox\"><img loading=\"lazy\" decoding=\"async\" class=\" wp-image-4685 alignleft\" src=\"https:\/\/conchipcanarias.com\/wp-content\/uploads\/2019\/05\/DSC_0322-300x203.jpg\" alt=\"\" width=\"267\" height=\"181\" srcset=\"https:\/\/conchipcanarias.com\/wp-content\/uploads\/2019\/05\/DSC_0322-300x203.jpg 300w, https:\/\/conchipcanarias.com\/wp-content\/uploads\/2019\/05\/DSC_0322-768x519.jpg 768w, https:\/\/conchipcanarias.com\/wp-content\/uploads\/2019\/05\/DSC_0322-1024x692.jpg 1024w, https:\/\/conchipcanarias.com\/wp-content\/uploads\/2019\/05\/DSC_0322.jpg 1620w\" sizes=\"auto, (max-width: 267px) 100vw, 267px\" \/><\/a>En la categor\u00eda femenina de los <strong>21km<\/strong> entraron como primera clasificada <strong>Raquel Rodriguez Garcia (CD Vallivana)<\/strong> con un tiempo de 2:18\u201952\u2019\u2019, seguida de la compa\u00f1era de equipo <strong>Mag\u00fci Diez de Revenga Francos<\/strong> pr\u00e1cticamente con el mismo tiempo, seguidas de la corredora del <strong>CT Candetlon, (Rocio Corzo Bru\u00f1as<\/strong> con un crono de 2:24\u201902\u2019\u2019.<\/p>\n<p><a href=\"https:\/\/conchipcanarias.com\/wp-content\/uploads\/2019\/05\/DSC_0386.jpg\" rel=\"wpdevart_lightbox\"><img loading=\"lazy\" decoding=\"async\" class=\" wp-image-4686 alignright\" src=\"https:\/\/conchipcanarias.com\/wp-content\/uploads\/2019\/05\/DSC_0386-300x203.jpg\" alt=\"\" width=\"256\" height=\"173\" srcset=\"https:\/\/conchipcanarias.com\/wp-content\/uploads\/2019\/05\/DSC_0386-300x203.jpg 300w, https:\/\/conchipcanarias.com\/wp-content\/uploads\/2019\/05\/DSC_0386-768x519.jpg 768w, https:\/\/conchipcanarias.com\/wp-content\/uploads\/2019\/05\/DSC_0386-1024x692.jpg 1024w, https:\/\/conchipcanarias.com\/wp-content\/uploads\/2019\/05\/DSC_0386.jpg 1620w\" sizes=\"auto, (max-width: 256px) 100vw, 256px\" \/><\/a>En la distancia intermedia, la de los <strong>14km<\/strong> fue tercera jornada de <strong>Liga Conchip Canarias de carreras de monta\u00f1a<\/strong> y adem\u00e1s prueba puntuable en la <strong>Copa Cabildo<\/strong>, Los m\u00e1s r\u00e1pidos de la categor\u00eda masculina fueron; <strong>Sergio Perez de Rosas del Trivalle de G\u00fc\u00edmar<\/strong> que paro el crono en 1:06\u2019:15\u2019\u2019, seguido de <strong>Roman Arteaga Gil (CCT Santa Cruz Magec)<\/strong> con un tiempo de 1:06\u201920\u2019\u2019, seguido de <strong>Carlos Rodriguez Dorta (Calceteamtrail)<\/strong> con un crono de 1:09:29\u2019\u2019.<\/p>\n<p><a href=\"https:\/\/conchipcanarias.com\/wp-content\/uploads\/2019\/05\/DSC_0122.jpg\" rel=\"wpdevart_lightbox\"><img loading=\"lazy\" decoding=\"async\" class=\" wp-image-4687 alignleft\" src=\"https:\/\/conchipcanarias.com\/wp-content\/uploads\/2019\/05\/DSC_0122-300x203.jpg\" alt=\"\" width=\"262\" height=\"177\" \/><\/a>En la categor\u00eda femenina la primera en cruzar la l\u00ednea de meta fue <strong>Zuzana Csjkova<\/strong> con un tiempo de 1:32\u201956\u2019\u2019, seguida de la veterana <strong>Jane Wickham<\/strong> con 1:34\u201930\u2019\u2019, seguida de la corredora del <strong>Atlantes Trail, M\u00aa Jos\u00e9 Rivera Seller<\/strong> con un crono de 1:34\u201955\u2019\u2019.<\/p>\n<p>En la distancia de los <strong>8km<\/strong>, los m\u00e1s r\u00e1pidos en el d\u00eda de hoy en la categor\u00eda masculina fueron; como primer clasificado <strong>Juan Manuel Rodriguez de Vera<\/strong> con 36\u201924\u2019\u2019, seguido de <strong>Jose Maria Dorta Perez<\/strong> con 37\u201901 y en tercera posici\u00f3n entro <strong>Airam Gil Castro<\/strong> con 37\u201923\u2019\u2019.<\/p>\n<p><a href=\"https:\/\/conchipcanarias.com\/wp-content\/uploads\/2019\/05\/DSC_0258.jpg\" rel=\"wpdevart_lightbox\"><img loading=\"lazy\" decoding=\"async\" class=\" wp-image-4688 alignright\" src=\"https:\/\/conchipcanarias.com\/wp-content\/uploads\/2019\/05\/DSC_0258-300x203.jpg\" alt=\"\" width=\"254\" height=\"172\" srcset=\"https:\/\/conchipcanarias.com\/wp-content\/uploads\/2019\/05\/DSC_0258-300x203.jpg 300w, https:\/\/conchipcanarias.com\/wp-content\/uploads\/2019\/05\/DSC_0258-768x519.jpg 768w, https:\/\/conchipcanarias.com\/wp-content\/uploads\/2019\/05\/DSC_0258-1024x692.jpg 1024w, https:\/\/conchipcanarias.com\/wp-content\/uploads\/2019\/05\/DSC_0258.jpg 1620w\" sizes=\"auto, (max-width: 254px) 100vw, 254px\" \/><\/a>En cuanto a las chicas las m\u00e1s r\u00e1pidas fueron <strong>M\u00aa Inmaculara Garcia de Vera (CD Travertoro)<\/strong> con un tiempo 49\u201918\u2019\u2019, la segunda corredora en cruzar la l\u00ednea de meta fue <strong>Taysa Padron Sanchez (CD Vallivana)<\/strong> con 49\u201921\u2019\u2019 y el bronce fue para <strong>Olga Gonzalez Alonso (CD Travertoro).<\/strong><\/p>\n<p><a href=\"https:\/\/conchipcanarias.com\/wp-content\/uploads\/2019\/05\/DSC_0125.jpg\" rel=\"wpdevart_lightbox\"><img loading=\"lazy\" decoding=\"async\" class=\" wp-image-4689 alignleft\" src=\"https:\/\/conchipcanarias.com\/wp-content\/uploads\/2019\/05\/DSC_0125-300x203.jpg\" alt=\"\" width=\"253\" height=\"171\" srcset=\"https:\/\/conchipcanarias.com\/wp-content\/uploads\/2019\/05\/DSC_0125-300x203.jpg 300w, https:\/\/conchipcanarias.com\/wp-content\/uploads\/2019\/05\/DSC_0125-768x519.jpg 768w, https:\/\/conchipcanarias.com\/wp-content\/uploads\/2019\/05\/DSC_0125-1024x692.jpg 1024w, https:\/\/conchipcanarias.com\/wp-content\/uploads\/2019\/05\/DSC_0125.jpg 1620w\" sizes=\"auto, (max-width: 253px) 100vw, 253px\" \/><\/a>Adem\u00e1s de los premios, por general y por categor\u00edas este a\u00f1o como innovaci\u00f3n la organizaci\u00f3n premio a los equipos mixtos con 4 componentes m\u00e1s r\u00e1pidos en cruzar la l\u00ednea de meta en todas las distancias, <strong>21km -14km y 8km.<\/strong> Tambi\u00e9n se premi\u00f3 a la bajada m\u00e1s r\u00e1pida entre los corredores de <strong>21km y 14km<\/strong> siendo una distancia aproximada de<strong> 5,5km<\/strong> donde <strong>Sergio Perez (Trivalle)<\/strong> se impuso en la categor\u00eda masculina, mientras que <strong>Jane Wickham <\/strong>\u00a0hace lo mismo con la categor\u00eda femenina.<\/p>\n<p><strong><a href=\"https:\/\/conchipcanarias.com\/wp-content\/uploads\/2019\/05\/DSC_0262.jpg\" rel=\"wpdevart_lightbox\"><img loading=\"lazy\" decoding=\"async\" class=\" wp-image-4690 alignright\" src=\"https:\/\/conchipcanarias.com\/wp-content\/uploads\/2019\/05\/DSC_0262-300x203.jpg\" alt=\"\" width=\"266\" height=\"180\" \/><\/a>CLASIFICACIONES:<\/strong> <a href=\"https:\/\/conchipcanarias.com\/?p=3976\">(Pincha Aqu\u00ed)<\/a><\/p>\n<p>Agradecer a tod@s la asistencia en el d\u00eda de hoy, y por supuesto dar las gracias a la organizaci\u00f3n <strong>(Zanata Sauzal)<\/strong> por contar con nuestra presencia un a\u00f1o m\u00e1s, una prueba a la cual tenemos gran cari\u00f1o, esperamos verles en la d\u00e9cima edici\u00f3n pr\u00f3ximo a\u00f1o.<\/p>\n<p><span style=\"color: #0000ff;\"><strong>Conchip Canarias SL<\/strong><\/span><\/p>\n","protected":false},"excerpt":{"rendered":"<p>En la ma\u00f1ana de hoy domingo 12 de mayo se ha celebrado la novena edici\u00f3n de la carrera de monta\u00f1a Ravelo Sauzal 2019, prueba incluida en el calendario de la Federaci\u00f3n Insular de atletismo; con ola de calor incluida \u00a0y con r\u00e9cord de inscritos (412) corredores que se dieron cita en el campo de futbol &hellip; <\/p>\n<p><a class=\"more-link btn\" href=\"https:\/\/conchipcanarias.com\/?p=4682\">Seguir leyendo<\/a><\/p>\n","protected":false},"author":2,"featured_media":4382,"comment_status":"closed","ping_status":"closed","sticky":false,"template":"","format":"standard","meta":{"footnotes":""},"categories":[1],"tags":[30,113,15],"class_list":["post-4682","post","type-post","status-publish","format-standard","has-post-thumbnail","hentry","category-noticias","tag-conchip-canarias-sl","tag-ix-carrera-montana-ravelo-sauzal-2019","tag-trail","nodate","item-wrap"],"yoast_head":"<!-- This site is optimized with the Yoast SEO plugin v27.5 - https:\/\/yoast.com\/product\/yoast-seo-wordpress\/ -->\n<title>BREVE RESUMEN CONCHIP CANARIAS SL: IX CARRERA DE MONTA\u00d1A RAVELO SAUZAL 2019. - Conchip Canarias S.L<\/title>\n<meta name=\"robots\" content=\"index, follow, max-snippet:-1, max-image-preview:large, max-video-preview:-1\" \/>\n<link rel=\"canonical\" href=\"https:\/\/conchipcanarias.com\/?p=4682\" \/>\n<meta property=\"og:locale\" content=\"es_ES\" \/>\n<meta property=\"og:type\" content=\"article\" \/>\n<meta property=\"og:title\" content=\"BREVE RESUMEN CONCHIP CANARIAS SL: IX CARRERA DE MONTA\u00d1A RAVELO SAUZAL 2019. - Conchip Canarias S.L\" \/>\n<meta property=\"og:description\" content=\"En la ma\u00f1ana de hoy domingo 12 de mayo se ha celebrado la novena edici\u00f3n de la carrera de monta\u00f1a Ravelo Sauzal 2019, prueba incluida en el calendario de la Federaci\u00f3n Insular de atletismo; con ola de calor incluida \u00a0y con r\u00e9cord de inscritos (412) corredores que se dieron cita en el campo de futbol &hellip; Seguir leyendo\" \/>\n<meta property=\"og:url\" content=\"https:\/\/conchipcanarias.com\/?p=4682\" \/>\n<meta property=\"og:site_name\" content=\"Conchip Canarias S.L\" \/>\n<meta property=\"article:published_time\" content=\"2019-05-12T19:23:00+00:00\" \/>\n<meta property=\"article:modified_time\" content=\"2019-05-12T20:44:35+00:00\" \/>\n<meta property=\"og:image\" content=\"https:\/\/conchipcanarias.com\/wp-content\/uploads\/2019\/02\/Copia_de_seguridad_de_Copia_de_seguridad_de_cabeceras-web-toni.jpg\" \/>\n\t<meta property=\"og:image:width\" content=\"4910\" \/>\n\t<meta property=\"og:image:height\" content=\"858\" \/>\n\t<meta property=\"og:image:type\" content=\"image\/jpeg\" \/>\n<meta name=\"author\" content=\"Jorge Sanch\u00eds Montero\" \/>\n<meta name=\"twitter:card\" content=\"summary_large_image\" \/>\n<meta name=\"twitter:label1\" content=\"Escrito por\" \/>\n\t<meta name=\"twitter:data1\" content=\"Jorge Sanch\u00eds Montero\" \/>\n\t<meta name=\"twitter:label2\" content=\"Tiempo de lectura\" \/>\n\t<meta name=\"twitter:data2\" content=\"3 minutos\" \/>\n<script type=\"application\/ld+json\" class=\"yoast-schema-graph\">{\"@context\":\"https:\\\/\\\/schema.org\",\"@graph\":[{\"@type\":\"Article\",\"@id\":\"https:\\\/\\\/conchipcanarias.com\\\/?p=4682#article\",\"isPartOf\":{\"@id\":\"https:\\\/\\\/conchipcanarias.com\\\/?p=4682\"},\"author\":{\"name\":\"Jorge Sanch\u00eds Montero\",\"@id\":\"https:\\\/\\\/conchipcanarias.com\\\/#\\\/schema\\\/person\\\/b60e1ca069cbc39080ff46da3c91f2ee\"},\"headline\":\"BREVE RESUMEN CONCHIP CANARIAS SL: IX CARRERA DE MONTA\u00d1A RAVELO SAUZAL 2019.\",\"datePublished\":\"2019-05-12T19:23:00+00:00\",\"dateModified\":\"2019-05-12T20:44:35+00:00\",\"mainEntityOfPage\":{\"@id\":\"https:\\\/\\\/conchipcanarias.com\\\/?p=4682\"},\"wordCount\":599,\"publisher\":{\"@id\":\"https:\\\/\\\/conchipcanarias.com\\\/#organization\"},\"image\":{\"@id\":\"https:\\\/\\\/conchipcanarias.com\\\/?p=4682#primaryimage\"},\"thumbnailUrl\":\"https:\\\/\\\/conchipcanarias.com\\\/wp-content\\\/uploads\\\/2019\\\/02\\\/Copia_de_seguridad_de_Copia_de_seguridad_de_cabeceras-web-toni.jpg\",\"keywords\":[\"Conchip Canarias SL\",\"IX carrera monta\u00f1a ravelo sauzal 2019\",\"Trail\"],\"articleSection\":[\"Noticias\"],\"inLanguage\":\"es\"},{\"@type\":\"WebPage\",\"@id\":\"https:\\\/\\\/conchipcanarias.com\\\/?p=4682\",\"url\":\"https:\\\/\\\/conchipcanarias.com\\\/?p=4682\",\"name\":\"BREVE RESUMEN CONCHIP CANARIAS SL: IX CARRERA DE MONTA\u00d1A RAVELO SAUZAL 2019. - Conchip Canarias S.L\",\"isPartOf\":{\"@id\":\"https:\\\/\\\/conchipcanarias.com\\\/#website\"},\"primaryImageOfPage\":{\"@id\":\"https:\\\/\\\/conchipcanarias.com\\\/?p=4682#primaryimage\"},\"image\":{\"@id\":\"https:\\\/\\\/conchipcanarias.com\\\/?p=4682#primaryimage\"},\"thumbnailUrl\":\"https:\\\/\\\/conchipcanarias.com\\\/wp-content\\\/uploads\\\/2019\\\/02\\\/Copia_de_seguridad_de_Copia_de_seguridad_de_cabeceras-web-toni.jpg\",\"datePublished\":\"2019-05-12T19:23:00+00:00\",\"dateModified\":\"2019-05-12T20:44:35+00:00\",\"breadcrumb\":{\"@id\":\"https:\\\/\\\/conchipcanarias.com\\\/?p=4682#breadcrumb\"},\"inLanguage\":\"es\",\"potentialAction\":[{\"@type\":\"ReadAction\",\"target\":[\"https:\\\/\\\/conchipcanarias.com\\\/?p=4682\"]}]},{\"@type\":\"ImageObject\",\"inLanguage\":\"es\",\"@id\":\"https:\\\/\\\/conchipcanarias.com\\\/?p=4682#primaryimage\",\"url\":\"https:\\\/\\\/conchipcanarias.com\\\/wp-content\\\/uploads\\\/2019\\\/02\\\/Copia_de_seguridad_de_Copia_de_seguridad_de_cabeceras-web-toni.jpg\",\"contentUrl\":\"https:\\\/\\\/conchipcanarias.com\\\/wp-content\\\/uploads\\\/2019\\\/02\\\/Copia_de_seguridad_de_Copia_de_seguridad_de_cabeceras-web-toni.jpg\",\"width\":4910,\"height\":858},{\"@type\":\"BreadcrumbList\",\"@id\":\"https:\\\/\\\/conchipcanarias.com\\\/?p=4682#breadcrumb\",\"itemListElement\":[{\"@type\":\"ListItem\",\"position\":1,\"name\":\"Portada\",\"item\":\"https:\\\/\\\/conchipcanarias.com\\\/\"},{\"@type\":\"ListItem\",\"position\":2,\"name\":\"BREVE RESUMEN CONCHIP CANARIAS SL: IX CARRERA DE MONTA\u00d1A RAVELO SAUZAL 2019.\"}]},{\"@type\":\"WebSite\",\"@id\":\"https:\\\/\\\/conchipcanarias.com\\\/#website\",\"url\":\"https:\\\/\\\/conchipcanarias.com\\\/\",\"name\":\"Conchip Canarias S.L\",\"description\":\"Cronometraje y organizaci&oacute;n de eventos deportivos\",\"publisher\":{\"@id\":\"https:\\\/\\\/conchipcanarias.com\\\/#organization\"},\"potentialAction\":[{\"@type\":\"SearchAction\",\"target\":{\"@type\":\"EntryPoint\",\"urlTemplate\":\"https:\\\/\\\/conchipcanarias.com\\\/?s={search_term_string}\"},\"query-input\":{\"@type\":\"PropertyValueSpecification\",\"valueRequired\":true,\"valueName\":\"search_term_string\"}}],\"inLanguage\":\"es\"},{\"@type\":\"Organization\",\"@id\":\"https:\\\/\\\/conchipcanarias.com\\\/#organization\",\"name\":\"Conchip Canarias S.L.\",\"url\":\"https:\\\/\\\/conchipcanarias.com\\\/\",\"logo\":{\"@type\":\"ImageObject\",\"inLanguage\":\"es\",\"@id\":\"https:\\\/\\\/conchipcanarias.com\\\/#\\\/schema\\\/logo\\\/image\\\/\",\"url\":\"http:\\\/\\\/conchipcanarias.com\\\/wp-content\\\/uploads\\\/2016\\\/07\\\/logo1.png\",\"contentUrl\":\"http:\\\/\\\/conchipcanarias.com\\\/wp-content\\\/uploads\\\/2016\\\/07\\\/logo1.png\",\"width\":255,\"height\":255,\"caption\":\"Conchip Canarias S.L.\"},\"image\":{\"@id\":\"https:\\\/\\\/conchipcanarias.com\\\/#\\\/schema\\\/logo\\\/image\\\/\"}},{\"@type\":\"Person\",\"@id\":\"https:\\\/\\\/conchipcanarias.com\\\/#\\\/schema\\\/person\\\/b60e1ca069cbc39080ff46da3c91f2ee\",\"name\":\"Jorge Sanch\u00eds Montero\",\"url\":\"https:\\\/\\\/conchipcanarias.com\\\/?author=2\"}]}<\/script>\n<!-- \/ Yoast SEO plugin. -->","yoast_head_json":{"title":"BREVE RESUMEN CONCHIP CANARIAS SL: IX CARRERA DE MONTA\u00d1A RAVELO SAUZAL 2019. - Conchip Canarias S.L","robots":{"index":"index","follow":"follow","max-snippet":"max-snippet:-1","max-image-preview":"max-image-preview:large","max-video-preview":"max-video-preview:-1"},"canonical":"https:\/\/conchipcanarias.com\/?p=4682","og_locale":"es_ES","og_type":"article","og_title":"BREVE RESUMEN CONCHIP CANARIAS SL: IX CARRERA DE MONTA\u00d1A RAVELO SAUZAL 2019. - Conchip Canarias S.L","og_description":"En la ma\u00f1ana de hoy domingo 12 de mayo se ha celebrado la novena edici\u00f3n de la carrera de monta\u00f1a Ravelo Sauzal 2019, prueba incluida en el calendario de la Federaci\u00f3n Insular de atletismo; con ola de calor incluida \u00a0y con r\u00e9cord de inscritos (412) corredores que se dieron cita en el campo de futbol &hellip; Seguir leyendo","og_url":"https:\/\/conchipcanarias.com\/?p=4682","og_site_name":"Conchip Canarias S.L","article_published_time":"2019-05-12T19:23:00+00:00","article_modified_time":"2019-05-12T20:44:35+00:00","og_image":[{"width":4910,"height":858,"url":"https:\/\/conchipcanarias.com\/wp-content\/uploads\/2019\/02\/Copia_de_seguridad_de_Copia_de_seguridad_de_cabeceras-web-toni.jpg","type":"image\/jpeg"}],"author":"Jorge Sanch\u00eds Montero","twitter_card":"summary_large_image","twitter_misc":{"Escrito por":"Jorge Sanch\u00eds Montero","Tiempo de lectura":"3 minutos"},"schema":{"@context":"https:\/\/schema.org","@graph":[{"@type":"Article","@id":"https:\/\/conchipcanarias.com\/?p=4682#article","isPartOf":{"@id":"https:\/\/conchipcanarias.com\/?p=4682"},"author":{"name":"Jorge Sanch\u00eds Montero","@id":"https:\/\/conchipcanarias.com\/#\/schema\/person\/b60e1ca069cbc39080ff46da3c91f2ee"},"headline":"BREVE RESUMEN CONCHIP CANARIAS SL: IX CARRERA DE MONTA\u00d1A RAVELO SAUZAL 2019.","datePublished":"2019-05-12T19:23:00+00:00","dateModified":"2019-05-12T20:44:35+00:00","mainEntityOfPage":{"@id":"https:\/\/conchipcanarias.com\/?p=4682"},"wordCount":599,"publisher":{"@id":"https:\/\/conchipcanarias.com\/#organization"},"image":{"@id":"https:\/\/conchipcanarias.com\/?p=4682#primaryimage"},"thumbnailUrl":"https:\/\/conchipcanarias.com\/wp-content\/uploads\/2019\/02\/Copia_de_seguridad_de_Copia_de_seguridad_de_cabeceras-web-toni.jpg","keywords":["Conchip Canarias SL","IX carrera monta\u00f1a ravelo sauzal 2019","Trail"],"articleSection":["Noticias"],"inLanguage":"es"},{"@type":"WebPage","@id":"https:\/\/conchipcanarias.com\/?p=4682","url":"https:\/\/conchipcanarias.com\/?p=4682","name":"BREVE RESUMEN CONCHIP CANARIAS SL: IX CARRERA DE MONTA\u00d1A RAVELO SAUZAL 2019. - Conchip Canarias S.L","isPartOf":{"@id":"https:\/\/conchipcanarias.com\/#website"},"primaryImageOfPage":{"@id":"https:\/\/conchipcanarias.com\/?p=4682#primaryimage"},"image":{"@id":"https:\/\/conchipcanarias.com\/?p=4682#primaryimage"},"thumbnailUrl":"https:\/\/conchipcanarias.com\/wp-content\/uploads\/2019\/02\/Copia_de_seguridad_de_Copia_de_seguridad_de_cabeceras-web-toni.jpg","datePublished":"2019-05-12T19:23:00+00:00","dateModified":"2019-05-12T20:44:35+00:00","breadcrumb":{"@id":"https:\/\/conchipcanarias.com\/?p=4682#breadcrumb"},"inLanguage":"es","potentialAction":[{"@type":"ReadAction","target":["https:\/\/conchipcanarias.com\/?p=4682"]}]},{"@type":"ImageObject","inLanguage":"es","@id":"https:\/\/conchipcanarias.com\/?p=4682#primaryimage","url":"https:\/\/conchipcanarias.com\/wp-content\/uploads\/2019\/02\/Copia_de_seguridad_de_Copia_de_seguridad_de_cabeceras-web-toni.jpg","contentUrl":"https:\/\/conchipcanarias.com\/wp-content\/uploads\/2019\/02\/Copia_de_seguridad_de_Copia_de_seguridad_de_cabeceras-web-toni.jpg","width":4910,"height":858},{"@type":"BreadcrumbList","@id":"https:\/\/conchipcanarias.com\/?p=4682#breadcrumb","itemListElement":[{"@type":"ListItem","position":1,"name":"Portada","item":"https:\/\/conchipcanarias.com\/"},{"@type":"ListItem","position":2,"name":"BREVE RESUMEN CONCHIP CANARIAS SL: IX CARRERA DE MONTA\u00d1A RAVELO SAUZAL 2019."}]},{"@type":"WebSite","@id":"https:\/\/conchipcanarias.com\/#website","url":"https:\/\/conchipcanarias.com\/","name":"Conchip Canarias S.L","description":"Cronometraje y organizaci&oacute;n de eventos deportivos","publisher":{"@id":"https:\/\/conchipcanarias.com\/#organization"},"potentialAction":[{"@type":"SearchAction","target":{"@type":"EntryPoint","urlTemplate":"https:\/\/conchipcanarias.com\/?s={search_term_string}"},"query-input":{"@type":"PropertyValueSpecification","valueRequired":true,"valueName":"search_term_string"}}],"inLanguage":"es"},{"@type":"Organization","@id":"https:\/\/conchipcanarias.com\/#organization","name":"Conchip Canarias S.L.","url":"https:\/\/conchipcanarias.com\/","logo":{"@type":"ImageObject","inLanguage":"es","@id":"https:\/\/conchipcanarias.com\/#\/schema\/logo\/image\/","url":"http:\/\/conchipcanarias.com\/wp-content\/uploads\/2016\/07\/logo1.png","contentUrl":"http:\/\/conchipcanarias.com\/wp-content\/uploads\/2016\/07\/logo1.png","width":255,"height":255,"caption":"Conchip Canarias S.L."},"image":{"@id":"https:\/\/conchipcanarias.com\/#\/schema\/logo\/image\/"}},{"@type":"Person","@id":"https:\/\/conchipcanarias.com\/#\/schema\/person\/b60e1ca069cbc39080ff46da3c91f2ee","name":"Jorge Sanch\u00eds Montero","url":"https:\/\/conchipcanarias.com\/?author=2"}]}},"_links":{"self":[{"href":"https:\/\/conchipcanarias.com\/index.php?rest_route=\/wp\/v2\/posts\/4682","targetHints":{"allow":["GET"]}}],"collection":[{"href":"https:\/\/conchipcanarias.com\/index.php?rest_route=\/wp\/v2\/posts"}],"about":[{"href":"https:\/\/conchipcanarias.com\/index.php?rest_route=\/wp\/v2\/types\/post"}],"author":[{"embeddable":true,"href":"https:\/\/conchipcanarias.com\/index.php?rest_route=\/wp\/v2\/users\/2"}],"replies":[{"embeddable":true,"href":"https:\/\/conchipcanarias.com\/index.php?rest_route=%2Fwp%2Fv2%2Fcomments&post=4682"}],"version-history":[{"count":2,"href":"https:\/\/conchipcanarias.com\/index.php?rest_route=\/wp\/v2\/posts\/4682\/revisions"}],"predecessor-version":[{"id":4694,"href":"https:\/\/conchipcanarias.com\/index.php?rest_route=\/wp\/v2\/posts\/4682\/revisions\/4694"}],"wp:featuredmedia":[{"embeddable":true,"href":"https:\/\/conchipcanarias.com\/index.php?rest_route=\/wp\/v2\/media\/4382"}],"wp:attachment":[{"href":"https:\/\/conchipcanarias.com\/index.php?rest_route=%2Fwp%2Fv2%2Fmedia&parent=4682"}],"wp:term":[{"taxonomy":"category","embeddable":true,"href":"https:\/\/conchipcanarias.com\/index.php?rest_route=%2Fwp%2Fv2%2Fcategories&post=4682"},{"taxonomy":"post_tag","embeddable":true,"href":"https:\/\/conchipcanarias.com\/index.php?rest_route=%2Fwp%2Fv2%2Ftags&post=4682"}],"curies":[{"name":"wp","href":"https:\/\/api.w.org\/{rel}","templated":true}]}}