{"id":4623,"date":"2019-04-28T10:33:15","date_gmt":"2019-04-28T10:33:15","guid":{"rendered":"http:\/\/conchipcanarias.com\/?p=4623"},"modified":"2019-04-28T10:35:03","modified_gmt":"2019-04-28T10:35:03","slug":"cronica-conchip-canarias-sl-vii-circula-los-catalanes-trail-2019","status":"publish","type":"post","link":"https:\/\/conchipcanarias.com\/?p=4623","title":{"rendered":"CRONICA CONCHIP CANARIAS SL: VII CIRCULAR LOS CATALANES TRAIL 2019."},"content":{"rendered":"<p><span style=\"color: #0000ff;\"><strong><a href=\"https:\/\/conchipcanarias.com\/wp-content\/uploads\/2019\/04\/DSC_0338.jpg\" rel=\"wpdevart_lightbox\"><img loading=\"lazy\" decoding=\"async\" class=\" wp-image-4624 alignleft\" src=\"https:\/\/conchipcanarias.com\/wp-content\/uploads\/2019\/04\/DSC_0338-300x271.jpg\" alt=\"\" width=\"224\" height=\"202\" srcset=\"https:\/\/conchipcanarias.com\/wp-content\/uploads\/2019\/04\/DSC_0338-300x271.jpg 300w, https:\/\/conchipcanarias.com\/wp-content\/uploads\/2019\/04\/DSC_0338-768x693.jpg 768w, https:\/\/conchipcanarias.com\/wp-content\/uploads\/2019\/04\/DSC_0338-1024x923.jpg 1024w, https:\/\/conchipcanarias.com\/wp-content\/uploads\/2019\/04\/DSC_0338.jpg 1353w\" sizes=\"auto, (max-width: 224px) 100vw, 224px\" \/><\/a>Ra\u00fal Diaz (CD Vallivana) y Ana Bego\u00f1a Gonzalez (CD Vallivana) se proclaman campeones de Tenerife en los catalanes.<\/strong><\/span><\/p>\n<p>En la tarde de ayer s\u00e1bado<strong> 27 de abril<\/strong> se celebr\u00f3 la <strong>s\u00e9ptima edici\u00f3n de la Circular Los Catalanes Trail 2019<\/strong>, prueba incluida en el calendario oficial de la <strong>Federaci\u00f3n Insular de Atletismo de Tenerife<\/strong> y adem\u00e1s prueba puntuable en la tercera edici\u00f3n de la <strong>Liga Conchip Canarias de carreras de Monta\u00f1a Tenerife 2019.<\/strong><\/p>\n<p><a href=\"https:\/\/conchipcanarias.com\/wp-content\/uploads\/2019\/04\/DSC_0335.jpg\" rel=\"wpdevart_lightbox\"><img loading=\"lazy\" decoding=\"async\" class=\" wp-image-4625 alignright\" src=\"https:\/\/conchipcanarias.com\/wp-content\/uploads\/2019\/04\/DSC_0335-300x250.jpg\" alt=\"\" width=\"241\" height=\"201\" srcset=\"https:\/\/conchipcanarias.com\/wp-content\/uploads\/2019\/04\/DSC_0335-300x250.jpg 300w, https:\/\/conchipcanarias.com\/wp-content\/uploads\/2019\/04\/DSC_0335-768x641.jpg 768w, https:\/\/conchipcanarias.com\/wp-content\/uploads\/2019\/04\/DSC_0335-1024x855.jpg 1024w, https:\/\/conchipcanarias.com\/wp-content\/uploads\/2019\/04\/DSC_0335.jpg 1462w\" sizes=\"auto, (max-width: 241px) 100vw, 241px\" \/><\/a>Los a prior favoritos no fallaron y tanto en el <strong>CTO de Tenerife<\/strong> como en la carrera popular dominaron de principio a fin siendo los m\u00e1s r\u00e1pidos en el d\u00eda de ayer en la categor\u00eda masculina como primer clasificado <strong>Ra\u00fal Diaz Perdomo<\/strong> corredor del <strong>CD Vallivana<\/strong> parando el crono en 1:11\u201943\u2019\u2019, pr\u00e1cticamente mismo tiempo del a\u00f1o pasado y muy buenas sensaciones de cara al pr\u00f3ximo <strong>CTO de Espa\u00f1a<\/strong> en el que Ra\u00fal Participara el pr\u00f3ximo fin de semana en tierras levantinas. Tras el otro especialista como <strong>Arezki Habibi<\/strong> que realizo una muy buena carrera entro segundo con un crono de 1:15\u201952\u2019\u2019, y en tercera posici\u00f3n entro<strong> Eloy Ramos Hernandez<\/strong> corredor del <strong>CD Travertoro<\/strong> que firma una magnifica carrera demostrando el gran estado de forma por el que atraviesa con un crono de 1:21\u201938\u2019\u2019.<\/p>\n<p><a href=\"https:\/\/conchipcanarias.com\/wp-content\/uploads\/2019\/04\/DSC_0017.jpg\" rel=\"wpdevart_lightbox\"><img loading=\"lazy\" decoding=\"async\" class=\" wp-image-4626 alignleft\" src=\"https:\/\/conchipcanarias.com\/wp-content\/uploads\/2019\/04\/DSC_0017-300x203.jpg\" alt=\"\" width=\"248\" height=\"168\" srcset=\"https:\/\/conchipcanarias.com\/wp-content\/uploads\/2019\/04\/DSC_0017-300x203.jpg 300w, https:\/\/conchipcanarias.com\/wp-content\/uploads\/2019\/04\/DSC_0017-768x519.jpg 768w, https:\/\/conchipcanarias.com\/wp-content\/uploads\/2019\/04\/DSC_0017-1024x692.jpg 1024w, https:\/\/conchipcanarias.com\/wp-content\/uploads\/2019\/04\/DSC_0017.jpg 1620w\" sizes=\"auto, (max-width: 248px) 100vw, 248px\" \/><\/a>En cuanto a las f\u00e9minas, bonito duelo de <strong>Ana Bego\u00f1a<\/strong> con <strong>Angela Morale<\/strong>s, la cual finalmente se llev\u00f3 la palmera del <strong>CD Vallivana Ana Bego\u00f1a Gonzalez Francisco<\/strong> con un crono de 1:40\u201913\u2019\u2019 mejorando el tiempo de la pasada edici\u00f3n y con muy buenas sensaciones para el nacional de la pr\u00f3xima semana., Tras ella y en segunda posici\u00f3n <strong>Angela Morales (Tritopo Oleaje Sport)<\/strong> repite p\u00f3dium del a\u00f1o pasado con un tiempo de 1:44\u201926\u2019\u2019, seguida en tercera posici\u00f3n de la catalana de Manresa <strong>Lidia Rubinat Rivas<\/strong> con 1:48\u201953\u2019\u2019.<\/p>\n<p><a href=\"https:\/\/conchipcanarias.com\/wp-content\/uploads\/2019\/04\/DSC_0172.jpg\" rel=\"wpdevart_lightbox\"><img loading=\"lazy\" decoding=\"async\" class=\" wp-image-4627 alignright\" src=\"https:\/\/conchipcanarias.com\/wp-content\/uploads\/2019\/04\/DSC_0172-300x203.jpg\" alt=\"\" width=\"225\" height=\"152\" srcset=\"https:\/\/conchipcanarias.com\/wp-content\/uploads\/2019\/04\/DSC_0172-300x203.jpg 300w, https:\/\/conchipcanarias.com\/wp-content\/uploads\/2019\/04\/DSC_0172-768x519.jpg 768w, https:\/\/conchipcanarias.com\/wp-content\/uploads\/2019\/04\/DSC_0172-1024x692.jpg 1024w, https:\/\/conchipcanarias.com\/wp-content\/uploads\/2019\/04\/DSC_0172.jpg 1620w\" sizes=\"auto, (max-width: 225px) 100vw, 225px\" \/><\/a>En cuanto al <strong>CTO de Tenerife de carreras de Monta\u00f1a 2019<\/strong>, pocas sorpresas e id\u00e9ntico p\u00f3dium en la categor\u00eda masculina que en la carrera popular con <strong>Raul, Arezki y Eloy,<\/strong> en cuanto a la categor\u00eda femenina del <strong>CTO<\/strong> cambia un poco la cosa siendo <strong>Ana Bego\u00f1a Gonzalez<\/strong> primera clasificada al igual que en la popular seguida de <strong>Laura Perez Ramallo (CD CorreAyo Spar Tenerife)<\/strong> con un crono de 1:51\u201915\u2019\u2019, seguida en tercera posici\u00f3n por <strong>Carmen Gladys Ortega Perez<\/strong> con un tiempo de 1:55\u201950\u2019\u2019.<\/p>\n<p><a href=\"https:\/\/conchipcanarias.com\/wp-content\/uploads\/2019\/04\/DSC_0021.jpg\" rel=\"wpdevart_lightbox\"><img loading=\"lazy\" decoding=\"async\" class=\" wp-image-4628 alignleft\" src=\"https:\/\/conchipcanarias.com\/wp-content\/uploads\/2019\/04\/DSC_0021-300x203.jpg\" alt=\"\" width=\"241\" height=\"163\" srcset=\"https:\/\/conchipcanarias.com\/wp-content\/uploads\/2019\/04\/DSC_0021-300x203.jpg 300w, https:\/\/conchipcanarias.com\/wp-content\/uploads\/2019\/04\/DSC_0021-768x519.jpg 768w, https:\/\/conchipcanarias.com\/wp-content\/uploads\/2019\/04\/DSC_0021-1024x692.jpg 1024w, https:\/\/conchipcanarias.com\/wp-content\/uploads\/2019\/04\/DSC_0021.jpg 1620w\" sizes=\"auto, (max-width: 241px) 100vw, 241px\" \/><\/a>En cuanto a los equipos masculinos del <strong>CTO<\/strong> se proclamaron campeones el <strong>CD Travertoro<\/strong>, seguidos del <strong>CD Vallivana<\/strong> y en tercera posici\u00f3n el <strong>CD CorrAyo Spar Tenerife.<\/strong> En la modalidad femenina, ning\u00fan equipo completo equipo.<\/p>\n<p>Tras la finalizaci\u00f3n de la carrera se procedi\u00f3 a la ceremonia de entrega de premios dando paso a la paella y a la orquesta, lastima un a\u00f1o m\u00e1s del viento y el frio, pero una gran tarde entre familiares y amigos.<\/p>\n<p><span style=\"color: #000000;\"><strong><a href=\"https:\/\/conchipcanarias.com\/wp-content\/uploads\/2019\/04\/DSC_0187.jpg\" rel=\"wpdevart_lightbox\"><img loading=\"lazy\" decoding=\"async\" class=\" wp-image-4629 alignright\" src=\"https:\/\/conchipcanarias.com\/wp-content\/uploads\/2019\/04\/DSC_0187-300x203.jpg\" alt=\"\" width=\"245\" height=\"166\" srcset=\"https:\/\/conchipcanarias.com\/wp-content\/uploads\/2019\/04\/DSC_0187-300x203.jpg 300w, https:\/\/conchipcanarias.com\/wp-content\/uploads\/2019\/04\/DSC_0187-768x519.jpg 768w, https:\/\/conchipcanarias.com\/wp-content\/uploads\/2019\/04\/DSC_0187-1024x692.jpg 1024w, https:\/\/conchipcanarias.com\/wp-content\/uploads\/2019\/04\/DSC_0187.jpg 1620w\" sizes=\"auto, (max-width: 245px) 100vw, 245px\" \/><\/a>Dar las gracias desde la organizaci\u00f3n a todos los participantes, mucho animo a los retirados, esperamos no sean graves las lesiones y por supuesto mil gracias a todos los voluntari@s y casas colaboradoras.<\/strong><\/span><\/p>\n<p><span style=\"color: #0000ff;\"><strong>Clasificaci\u00f3n Catalanes Trail<\/strong><\/span> <a href=\"https:\/\/conchipcanarias.com\/?p=4371\">(Pincha Aqui)<\/a><\/p>\n<p><strong><span style=\"color: #0000ff;\">Clasificaci\u00f3n CTO Tenerife<\/span> <\/strong><a href=\"https:\/\/conchipcanarias.com\/?p=4310\">(Pincha Aqui)<\/a><\/p>\n<p>Nos vemos en el <strong>Ravelo<\/strong> con la tercera carrera de la <strong>Liga Conchip<\/strong> y segunda de la <strong>Copa Cabildo.<\/strong><\/p>\n<p>Conchip Canarias SL<\/p>\n","protected":false},"excerpt":{"rendered":"<p>Ra\u00fal Diaz (CD Vallivana) y Ana Bego\u00f1a Gonzalez (CD Vallivana) se proclaman campeones de Tenerife en los catalanes. En la tarde de ayer s\u00e1bado 27 de abril se celebr\u00f3 la s\u00e9ptima edici\u00f3n de la Circular Los Catalanes Trail 2019, prueba incluida en el calendario oficial de la Federaci\u00f3n Insular de Atletismo de Tenerife y adem\u00e1s &hellip; <\/p>\n<p><a class=\"more-link btn\" href=\"https:\/\/conchipcanarias.com\/?p=4623\">Seguir leyendo<\/a><\/p>\n","protected":false},"author":2,"featured_media":4314,"comment_status":"closed","ping_status":"closed","sticky":false,"template":"","format":"standard","meta":{"footnotes":""},"categories":[14,1],"tags":[],"class_list":["post-4623","post","type-post","status-publish","format-standard","has-post-thumbnail","hentry","category-liga","category-noticias","nodate","item-wrap"],"yoast_head":"<!-- This site is optimized with the Yoast SEO plugin v27.5 - https:\/\/yoast.com\/product\/yoast-seo-wordpress\/ -->\n<title>CRONICA CONCHIP CANARIAS SL: VII CIRCULAR LOS CATALANES TRAIL 2019. - Conchip Canarias S.L<\/title>\n<meta name=\"robots\" content=\"index, follow, max-snippet:-1, max-image-preview:large, max-video-preview:-1\" \/>\n<link rel=\"canonical\" href=\"https:\/\/conchipcanarias.com\/?p=4623\" \/>\n<meta property=\"og:locale\" content=\"es_ES\" \/>\n<meta property=\"og:type\" content=\"article\" \/>\n<meta property=\"og:title\" content=\"CRONICA CONCHIP CANARIAS SL: VII CIRCULAR LOS CATALANES TRAIL 2019. - Conchip Canarias S.L\" \/>\n<meta property=\"og:description\" content=\"Ra\u00fal Diaz (CD Vallivana) y Ana Bego\u00f1a Gonzalez (CD Vallivana) se proclaman campeones de Tenerife en los catalanes. En la tarde de ayer s\u00e1bado 27 de abril se celebr\u00f3 la s\u00e9ptima edici\u00f3n de la Circular Los Catalanes Trail 2019, prueba incluida en el calendario oficial de la Federaci\u00f3n Insular de Atletismo de Tenerife y adem\u00e1s &hellip; Seguir leyendo\" \/>\n<meta property=\"og:url\" content=\"https:\/\/conchipcanarias.com\/?p=4623\" \/>\n<meta property=\"og:site_name\" content=\"Conchip Canarias S.L\" \/>\n<meta property=\"article:published_time\" content=\"2019-04-28T10:33:15+00:00\" \/>\n<meta property=\"article:modified_time\" content=\"2019-04-28T10:35:03+00:00\" \/>\n<meta property=\"og:image\" content=\"https:\/\/conchipcanarias.com\/wp-content\/uploads\/2019\/04\/CATA.jpg\" \/>\n\t<meta property=\"og:image:width\" content=\"4910\" \/>\n\t<meta property=\"og:image:height\" content=\"858\" \/>\n\t<meta property=\"og:image:type\" content=\"image\/jpeg\" \/>\n<meta name=\"author\" content=\"Jorge Sanch\u00eds Montero\" \/>\n<meta name=\"twitter:card\" content=\"summary_large_image\" \/>\n<meta name=\"twitter:label1\" content=\"Escrito por\" \/>\n\t<meta name=\"twitter:data1\" content=\"Jorge Sanch\u00eds Montero\" \/>\n\t<meta name=\"twitter:label2\" content=\"Tiempo de lectura\" \/>\n\t<meta name=\"twitter:data2\" content=\"3 minutos\" \/>\n<script type=\"application\/ld+json\" class=\"yoast-schema-graph\">{\"@context\":\"https:\\\/\\\/schema.org\",\"@graph\":[{\"@type\":\"Article\",\"@id\":\"https:\\\/\\\/conchipcanarias.com\\\/?p=4623#article\",\"isPartOf\":{\"@id\":\"https:\\\/\\\/conchipcanarias.com\\\/?p=4623\"},\"author\":{\"name\":\"Jorge Sanch\u00eds Montero\",\"@id\":\"https:\\\/\\\/conchipcanarias.com\\\/#\\\/schema\\\/person\\\/b60e1ca069cbc39080ff46da3c91f2ee\"},\"headline\":\"CRONICA CONCHIP CANARIAS SL: VII CIRCULAR LOS CATALANES TRAIL 2019.\",\"datePublished\":\"2019-04-28T10:33:15+00:00\",\"dateModified\":\"2019-04-28T10:35:03+00:00\",\"mainEntityOfPage\":{\"@id\":\"https:\\\/\\\/conchipcanarias.com\\\/?p=4623\"},\"wordCount\":558,\"publisher\":{\"@id\":\"https:\\\/\\\/conchipcanarias.com\\\/#organization\"},\"image\":{\"@id\":\"https:\\\/\\\/conchipcanarias.com\\\/?p=4623#primaryimage\"},\"thumbnailUrl\":\"https:\\\/\\\/conchipcanarias.com\\\/wp-content\\\/uploads\\\/2019\\\/04\\\/CATA.jpg\",\"articleSection\":[\"Liga de monta\u00f1a\",\"Noticias\"],\"inLanguage\":\"es\"},{\"@type\":\"WebPage\",\"@id\":\"https:\\\/\\\/conchipcanarias.com\\\/?p=4623\",\"url\":\"https:\\\/\\\/conchipcanarias.com\\\/?p=4623\",\"name\":\"CRONICA CONCHIP CANARIAS SL: VII CIRCULAR LOS CATALANES TRAIL 2019. - Conchip Canarias S.L\",\"isPartOf\":{\"@id\":\"https:\\\/\\\/conchipcanarias.com\\\/#website\"},\"primaryImageOfPage\":{\"@id\":\"https:\\\/\\\/conchipcanarias.com\\\/?p=4623#primaryimage\"},\"image\":{\"@id\":\"https:\\\/\\\/conchipcanarias.com\\\/?p=4623#primaryimage\"},\"thumbnailUrl\":\"https:\\\/\\\/conchipcanarias.com\\\/wp-content\\\/uploads\\\/2019\\\/04\\\/CATA.jpg\",\"datePublished\":\"2019-04-28T10:33:15+00:00\",\"dateModified\":\"2019-04-28T10:35:03+00:00\",\"breadcrumb\":{\"@id\":\"https:\\\/\\\/conchipcanarias.com\\\/?p=4623#breadcrumb\"},\"inLanguage\":\"es\",\"potentialAction\":[{\"@type\":\"ReadAction\",\"target\":[\"https:\\\/\\\/conchipcanarias.com\\\/?p=4623\"]}]},{\"@type\":\"ImageObject\",\"inLanguage\":\"es\",\"@id\":\"https:\\\/\\\/conchipcanarias.com\\\/?p=4623#primaryimage\",\"url\":\"https:\\\/\\\/conchipcanarias.com\\\/wp-content\\\/uploads\\\/2019\\\/04\\\/CATA.jpg\",\"contentUrl\":\"https:\\\/\\\/conchipcanarias.com\\\/wp-content\\\/uploads\\\/2019\\\/04\\\/CATA.jpg\",\"width\":4910,\"height\":858},{\"@type\":\"BreadcrumbList\",\"@id\":\"https:\\\/\\\/conchipcanarias.com\\\/?p=4623#breadcrumb\",\"itemListElement\":[{\"@type\":\"ListItem\",\"position\":1,\"name\":\"Portada\",\"item\":\"https:\\\/\\\/conchipcanarias.com\\\/\"},{\"@type\":\"ListItem\",\"position\":2,\"name\":\"CRONICA CONCHIP CANARIAS SL: VII CIRCULAR LOS CATALANES TRAIL 2019.\"}]},{\"@type\":\"WebSite\",\"@id\":\"https:\\\/\\\/conchipcanarias.com\\\/#website\",\"url\":\"https:\\\/\\\/conchipcanarias.com\\\/\",\"name\":\"Conchip Canarias S.L\",\"description\":\"Cronometraje y organizaci&oacute;n de eventos deportivos\",\"publisher\":{\"@id\":\"https:\\\/\\\/conchipcanarias.com\\\/#organization\"},\"potentialAction\":[{\"@type\":\"SearchAction\",\"target\":{\"@type\":\"EntryPoint\",\"urlTemplate\":\"https:\\\/\\\/conchipcanarias.com\\\/?s={search_term_string}\"},\"query-input\":{\"@type\":\"PropertyValueSpecification\",\"valueRequired\":true,\"valueName\":\"search_term_string\"}}],\"inLanguage\":\"es\"},{\"@type\":\"Organization\",\"@id\":\"https:\\\/\\\/conchipcanarias.com\\\/#organization\",\"name\":\"Conchip Canarias S.L.\",\"url\":\"https:\\\/\\\/conchipcanarias.com\\\/\",\"logo\":{\"@type\":\"ImageObject\",\"inLanguage\":\"es\",\"@id\":\"https:\\\/\\\/conchipcanarias.com\\\/#\\\/schema\\\/logo\\\/image\\\/\",\"url\":\"http:\\\/\\\/conchipcanarias.com\\\/wp-content\\\/uploads\\\/2016\\\/07\\\/logo1.png\",\"contentUrl\":\"http:\\\/\\\/conchipcanarias.com\\\/wp-content\\\/uploads\\\/2016\\\/07\\\/logo1.png\",\"width\":255,\"height\":255,\"caption\":\"Conchip Canarias S.L.\"},\"image\":{\"@id\":\"https:\\\/\\\/conchipcanarias.com\\\/#\\\/schema\\\/logo\\\/image\\\/\"}},{\"@type\":\"Person\",\"@id\":\"https:\\\/\\\/conchipcanarias.com\\\/#\\\/schema\\\/person\\\/b60e1ca069cbc39080ff46da3c91f2ee\",\"name\":\"Jorge Sanch\u00eds Montero\",\"url\":\"https:\\\/\\\/conchipcanarias.com\\\/?author=2\"}]}<\/script>\n<!-- \/ Yoast SEO plugin. -->","yoast_head_json":{"title":"CRONICA CONCHIP CANARIAS SL: VII CIRCULAR LOS CATALANES TRAIL 2019. - Conchip Canarias S.L","robots":{"index":"index","follow":"follow","max-snippet":"max-snippet:-1","max-image-preview":"max-image-preview:large","max-video-preview":"max-video-preview:-1"},"canonical":"https:\/\/conchipcanarias.com\/?p=4623","og_locale":"es_ES","og_type":"article","og_title":"CRONICA CONCHIP CANARIAS SL: VII CIRCULAR LOS CATALANES TRAIL 2019. - Conchip Canarias S.L","og_description":"Ra\u00fal Diaz (CD Vallivana) y Ana Bego\u00f1a Gonzalez (CD Vallivana) se proclaman campeones de Tenerife en los catalanes. En la tarde de ayer s\u00e1bado 27 de abril se celebr\u00f3 la s\u00e9ptima edici\u00f3n de la Circular Los Catalanes Trail 2019, prueba incluida en el calendario oficial de la Federaci\u00f3n Insular de Atletismo de Tenerife y adem\u00e1s &hellip; Seguir leyendo","og_url":"https:\/\/conchipcanarias.com\/?p=4623","og_site_name":"Conchip Canarias S.L","article_published_time":"2019-04-28T10:33:15+00:00","article_modified_time":"2019-04-28T10:35:03+00:00","og_image":[{"width":4910,"height":858,"url":"https:\/\/conchipcanarias.com\/wp-content\/uploads\/2019\/04\/CATA.jpg","type":"image\/jpeg"}],"author":"Jorge Sanch\u00eds Montero","twitter_card":"summary_large_image","twitter_misc":{"Escrito por":"Jorge Sanch\u00eds Montero","Tiempo de lectura":"3 minutos"},"schema":{"@context":"https:\/\/schema.org","@graph":[{"@type":"Article","@id":"https:\/\/conchipcanarias.com\/?p=4623#article","isPartOf":{"@id":"https:\/\/conchipcanarias.com\/?p=4623"},"author":{"name":"Jorge Sanch\u00eds Montero","@id":"https:\/\/conchipcanarias.com\/#\/schema\/person\/b60e1ca069cbc39080ff46da3c91f2ee"},"headline":"CRONICA CONCHIP CANARIAS SL: VII CIRCULAR LOS CATALANES TRAIL 2019.","datePublished":"2019-04-28T10:33:15+00:00","dateModified":"2019-04-28T10:35:03+00:00","mainEntityOfPage":{"@id":"https:\/\/conchipcanarias.com\/?p=4623"},"wordCount":558,"publisher":{"@id":"https:\/\/conchipcanarias.com\/#organization"},"image":{"@id":"https:\/\/conchipcanarias.com\/?p=4623#primaryimage"},"thumbnailUrl":"https:\/\/conchipcanarias.com\/wp-content\/uploads\/2019\/04\/CATA.jpg","articleSection":["Liga de monta\u00f1a","Noticias"],"inLanguage":"es"},{"@type":"WebPage","@id":"https:\/\/conchipcanarias.com\/?p=4623","url":"https:\/\/conchipcanarias.com\/?p=4623","name":"CRONICA CONCHIP CANARIAS SL: VII CIRCULAR LOS CATALANES TRAIL 2019. - Conchip Canarias S.L","isPartOf":{"@id":"https:\/\/conchipcanarias.com\/#website"},"primaryImageOfPage":{"@id":"https:\/\/conchipcanarias.com\/?p=4623#primaryimage"},"image":{"@id":"https:\/\/conchipcanarias.com\/?p=4623#primaryimage"},"thumbnailUrl":"https:\/\/conchipcanarias.com\/wp-content\/uploads\/2019\/04\/CATA.jpg","datePublished":"2019-04-28T10:33:15+00:00","dateModified":"2019-04-28T10:35:03+00:00","breadcrumb":{"@id":"https:\/\/conchipcanarias.com\/?p=4623#breadcrumb"},"inLanguage":"es","potentialAction":[{"@type":"ReadAction","target":["https:\/\/conchipcanarias.com\/?p=4623"]}]},{"@type":"ImageObject","inLanguage":"es","@id":"https:\/\/conchipcanarias.com\/?p=4623#primaryimage","url":"https:\/\/conchipcanarias.com\/wp-content\/uploads\/2019\/04\/CATA.jpg","contentUrl":"https:\/\/conchipcanarias.com\/wp-content\/uploads\/2019\/04\/CATA.jpg","width":4910,"height":858},{"@type":"BreadcrumbList","@id":"https:\/\/conchipcanarias.com\/?p=4623#breadcrumb","itemListElement":[{"@type":"ListItem","position":1,"name":"Portada","item":"https:\/\/conchipcanarias.com\/"},{"@type":"ListItem","position":2,"name":"CRONICA CONCHIP CANARIAS SL: VII CIRCULAR LOS CATALANES TRAIL 2019."}]},{"@type":"WebSite","@id":"https:\/\/conchipcanarias.com\/#website","url":"https:\/\/conchipcanarias.com\/","name":"Conchip Canarias S.L","description":"Cronometraje y organizaci&oacute;n de eventos deportivos","publisher":{"@id":"https:\/\/conchipcanarias.com\/#organization"},"potentialAction":[{"@type":"SearchAction","target":{"@type":"EntryPoint","urlTemplate":"https:\/\/conchipcanarias.com\/?s={search_term_string}"},"query-input":{"@type":"PropertyValueSpecification","valueRequired":true,"valueName":"search_term_string"}}],"inLanguage":"es"},{"@type":"Organization","@id":"https:\/\/conchipcanarias.com\/#organization","name":"Conchip Canarias S.L.","url":"https:\/\/conchipcanarias.com\/","logo":{"@type":"ImageObject","inLanguage":"es","@id":"https:\/\/conchipcanarias.com\/#\/schema\/logo\/image\/","url":"http:\/\/conchipcanarias.com\/wp-content\/uploads\/2016\/07\/logo1.png","contentUrl":"http:\/\/conchipcanarias.com\/wp-content\/uploads\/2016\/07\/logo1.png","width":255,"height":255,"caption":"Conchip Canarias S.L."},"image":{"@id":"https:\/\/conchipcanarias.com\/#\/schema\/logo\/image\/"}},{"@type":"Person","@id":"https:\/\/conchipcanarias.com\/#\/schema\/person\/b60e1ca069cbc39080ff46da3c91f2ee","name":"Jorge Sanch\u00eds Montero","url":"https:\/\/conchipcanarias.com\/?author=2"}]}},"_links":{"self":[{"href":"https:\/\/conchipcanarias.com\/index.php?rest_route=\/wp\/v2\/posts\/4623","targetHints":{"allow":["GET"]}}],"collection":[{"href":"https:\/\/conchipcanarias.com\/index.php?rest_route=\/wp\/v2\/posts"}],"about":[{"href":"https:\/\/conchipcanarias.com\/index.php?rest_route=\/wp\/v2\/types\/post"}],"author":[{"embeddable":true,"href":"https:\/\/conchipcanarias.com\/index.php?rest_route=\/wp\/v2\/users\/2"}],"replies":[{"embeddable":true,"href":"https:\/\/conchipcanarias.com\/index.php?rest_route=%2Fwp%2Fv2%2Fcomments&post=4623"}],"version-history":[{"count":2,"href":"https:\/\/conchipcanarias.com\/index.php?rest_route=\/wp\/v2\/posts\/4623\/revisions"}],"predecessor-version":[{"id":4631,"href":"https:\/\/conchipcanarias.com\/index.php?rest_route=\/wp\/v2\/posts\/4623\/revisions\/4631"}],"wp:featuredmedia":[{"embeddable":true,"href":"https:\/\/conchipcanarias.com\/index.php?rest_route=\/wp\/v2\/media\/4314"}],"wp:attachment":[{"href":"https:\/\/conchipcanarias.com\/index.php?rest_route=%2Fwp%2Fv2%2Fmedia&parent=4623"}],"wp:term":[{"taxonomy":"category","embeddable":true,"href":"https:\/\/conchipcanarias.com\/index.php?rest_route=%2Fwp%2Fv2%2Fcategories&post=4623"},{"taxonomy":"post_tag","embeddable":true,"href":"https:\/\/conchipcanarias.com\/index.php?rest_route=%2Fwp%2Fv2%2Ftags&post=4623"}],"curies":[{"name":"wp","href":"https:\/\/api.w.org\/{rel}","templated":true}]}}