{"id":3213,"date":"2018-06-23T16:46:12","date_gmt":"2018-06-23T16:46:12","guid":{"rendered":"http:\/\/conchipcanarias.com\/?p=3213"},"modified":"2018-06-23T16:46:12","modified_gmt":"2018-06-23T16:46:12","slug":"breve-resumen-conchip-canarias-sl-v-circular-las-carboneras-trail-2018","status":"publish","type":"post","link":"https:\/\/conchipcanarias.com\/?p=3213","title":{"rendered":"BREVE RESUMEN CONCHIP CANARIAS SL: V CIRCULAR LAS CARBONERAS TRAIL 2018."},"content":{"rendered":"<p><span style=\"color: #0000ff;\"><strong><a href=\"https:\/\/conchipcanarias.com\/wp-content\/uploads\/2018\/06\/DSC_0007.jpg\" rel=\"wpdevart_lightbox\"><img loading=\"lazy\" decoding=\"async\" class=\" wp-image-3214 alignleft\" src=\"https:\/\/conchipcanarias.com\/wp-content\/uploads\/2018\/06\/DSC_0007-300x203.jpg\" alt=\"\" width=\"266\" height=\"180\" srcset=\"https:\/\/conchipcanarias.com\/wp-content\/uploads\/2018\/06\/DSC_0007-300x203.jpg 300w, https:\/\/conchipcanarias.com\/wp-content\/uploads\/2018\/06\/DSC_0007-768x519.jpg 768w, https:\/\/conchipcanarias.com\/wp-content\/uploads\/2018\/06\/DSC_0007-1024x692.jpg 1024w, https:\/\/conchipcanarias.com\/wp-content\/uploads\/2018\/06\/DSC_0007.jpg 1620w\" sizes=\"auto, (max-width: 266px) 100vw, 266px\" \/><\/a>Doblete de Ra\u00fal Diaz \u00a0(CD Vallivana) y \u00c1ngela Morales (Oleaje Sport) \u00a0en Las Carboneras.<\/strong><\/span><\/p>\n<p><strong>En la ma\u00f1ana de hoy se celebr\u00f3 la<\/strong> <strong>quinta edici\u00f3n de la Circular Las Carboneras Trail 2018<\/strong>,<strong> prueba incluida en el calendario oficial de la federaci\u00f3n insular de atletismo y adem\u00e1s prueba puntuable en la II Liga Conchip Canarias de carreras de Monta\u00f1a Tenerife 2018.<\/strong><\/p>\n<p><a href=\"https:\/\/conchipcanarias.com\/wp-content\/uploads\/2018\/06\/DSC_0050.jpg\" rel=\"wpdevart_lightbox\"><img loading=\"lazy\" decoding=\"async\" class=\" wp-image-3215 alignright\" src=\"https:\/\/conchipcanarias.com\/wp-content\/uploads\/2018\/06\/DSC_0050-300x203.jpg\" alt=\"\" width=\"270\" height=\"183\" srcset=\"https:\/\/conchipcanarias.com\/wp-content\/uploads\/2018\/06\/DSC_0050-300x203.jpg 300w, https:\/\/conchipcanarias.com\/wp-content\/uploads\/2018\/06\/DSC_0050-768x519.jpg 768w, https:\/\/conchipcanarias.com\/wp-content\/uploads\/2018\/06\/DSC_0050-1024x692.jpg 1024w, https:\/\/conchipcanarias.com\/wp-content\/uploads\/2018\/06\/DSC_0050.jpg 1620w\" sizes=\"auto, (max-width: 270px) 100vw, 270px\" \/><\/a>Con una inscripci\u00f3n de<strong> 192 corredores<\/strong> se super\u00f3 el n\u00famero de inscritos con respecto a la cuarta edici\u00f3n, la organizaci\u00f3n con <strong>Fernando Siverio<\/strong> como director de carrera agradece a tod@s la presencia hoy en Las Carboneras y por fin ve un sue\u00f1o cumplido con el resto de la organizaci\u00f3n, la <strong>V Circular Carboneras Trail 2018<\/strong>, por fin hoy hizo el circuito que nunca se pudo hacer gracias al empe\u00f1o de Fernando y los permisos pertinentes de las autoridades hoy los participantes han disfrutado un bello paisaje que pocas carreras pueden presumir en la isla.<\/p>\n<p><a href=\"https:\/\/conchipcanarias.com\/wp-content\/uploads\/2018\/06\/DSC_0133.jpg\" rel=\"wpdevart_lightbox\"><img loading=\"lazy\" decoding=\"async\" class=\" wp-image-3216 alignleft\" src=\"https:\/\/conchipcanarias.com\/wp-content\/uploads\/2018\/06\/DSC_0133-300x203.jpg\" alt=\"\" width=\"272\" height=\"184\" srcset=\"https:\/\/conchipcanarias.com\/wp-content\/uploads\/2018\/06\/DSC_0133-300x203.jpg 300w, https:\/\/conchipcanarias.com\/wp-content\/uploads\/2018\/06\/DSC_0133-768x519.jpg 768w, https:\/\/conchipcanarias.com\/wp-content\/uploads\/2018\/06\/DSC_0133-1024x692.jpg 1024w, https:\/\/conchipcanarias.com\/wp-content\/uploads\/2018\/06\/DSC_0133.jpg 1620w\" sizes=\"auto, (max-width: 272px) 100vw, 272px\" \/><\/a>A las <strong>9:30<\/strong> de la ma\u00f1ana se dio pistoletazo de salida en la plaza de <strong>Las Carboneras<\/strong> donde los a prior favoritos salieron marcando un impresionante ritmo, en el km 4 ya pasaron por el primer avituallamiento un grupo reducido de corredores que fueron d\u00e1ndose relevo en las primeras posiciones hasta finalizar la carrera, los corredores m\u00e1s r\u00e1pidos en cruzar la l\u00ednea de meta en el d\u00eda de hoy fueron los siguientes:<\/p>\n<p><strong><a href=\"https:\/\/conchipcanarias.com\/wp-content\/uploads\/2018\/06\/DSC_0038.jpg\" rel=\"wpdevart_lightbox\"><img loading=\"lazy\" decoding=\"async\" class=\" wp-image-3217 alignright\" src=\"https:\/\/conchipcanarias.com\/wp-content\/uploads\/2018\/06\/DSC_0038-300x203.jpg\" alt=\"\" width=\"273\" height=\"185\" srcset=\"https:\/\/conchipcanarias.com\/wp-content\/uploads\/2018\/06\/DSC_0038-300x203.jpg 300w, https:\/\/conchipcanarias.com\/wp-content\/uploads\/2018\/06\/DSC_0038-768x519.jpg 768w, https:\/\/conchipcanarias.com\/wp-content\/uploads\/2018\/06\/DSC_0038-1024x692.jpg 1024w, https:\/\/conchipcanarias.com\/wp-content\/uploads\/2018\/06\/DSC_0038.jpg 1620w\" sizes=\"auto, (max-width: 273px) 100vw, 273px\" \/><\/a>En primera posici\u00f3n y por segundo a\u00f1o consecutivo entro en meta Ra\u00fal Diaz Perdomo (CD Vallivana), impresionante temporada de Ra\u00fal que cuenta las carreras por victorias en la Liga Conchip, hoy paro el crono en 1:16\u201921\u2019\u2019, seguido de Arezki Habibi (Ascenso Trail Mapfre) firmando una brillante actuaci\u00f3n con un crono de 1:17\u201923\u2019\u2019 y en tercera posici\u00f3n gran carrera tambi\u00e9n de Juan Garcia Gonzalez que entro en 1:17\u201924\u2019\u2019.<\/strong><\/p>\n<p><strong><a href=\"https:\/\/conchipcanarias.com\/wp-content\/uploads\/2018\/06\/DSC_0099.jpg\" rel=\"wpdevart_lightbox\"><img loading=\"lazy\" decoding=\"async\" class=\" wp-image-3218 alignleft\" src=\"https:\/\/conchipcanarias.com\/wp-content\/uploads\/2018\/06\/DSC_0099-300x203.jpg\" alt=\"\" width=\"267\" height=\"181\" srcset=\"https:\/\/conchipcanarias.com\/wp-content\/uploads\/2018\/06\/DSC_0099-300x203.jpg 300w, https:\/\/conchipcanarias.com\/wp-content\/uploads\/2018\/06\/DSC_0099-768x519.jpg 768w, https:\/\/conchipcanarias.com\/wp-content\/uploads\/2018\/06\/DSC_0099-1024x692.jpg 1024w, https:\/\/conchipcanarias.com\/wp-content\/uploads\/2018\/06\/DSC_0099.jpg 1620w\" sizes=\"auto, (max-width: 267px) 100vw, 267px\" \/><\/a>En la categor\u00eda femenina gran carrera y doblete de Angela Morales Quintero (Oleaje Sport) que al igual que Ra\u00fal se impone por segundo a\u00f1o consecutivo con un crono de 1:44\u201912\u2019\u2019, seguida de Raquel Rodriguez Garcia (Punta Brava Runners) con un tiempo de 1:46\u201932\u2019\u2019, y el bronce en el d\u00eda de hoy fue para la corredora del CD Vallivana Evelia Candelaria Garcia Morales cruzando la l\u00ednea de meta con una sonrisa de oreja a oreja con un crono de 1:50\u201902\u2019\u2019.<\/strong><\/p>\n<p><a href=\"https:\/\/conchipcanarias.com\/wp-content\/uploads\/2018\/06\/DSC_0041.jpg\" rel=\"wpdevart_lightbox\"><img loading=\"lazy\" decoding=\"async\" class=\" wp-image-3219 alignright\" src=\"https:\/\/conchipcanarias.com\/wp-content\/uploads\/2018\/06\/DSC_0041-300x203.jpg\" alt=\"\" width=\"270\" height=\"183\" srcset=\"https:\/\/conchipcanarias.com\/wp-content\/uploads\/2018\/06\/DSC_0041-300x203.jpg 300w, https:\/\/conchipcanarias.com\/wp-content\/uploads\/2018\/06\/DSC_0041-768x519.jpg 768w, https:\/\/conchipcanarias.com\/wp-content\/uploads\/2018\/06\/DSC_0041-1024x692.jpg 1024w, https:\/\/conchipcanarias.com\/wp-content\/uploads\/2018\/06\/DSC_0041.jpg 1620w\" sizes=\"auto, (max-width: 270px) 100vw, 270px\" \/><\/a>Tras la finalizaci\u00f3n de la carrera se procedi\u00f3 al sorteo de las casas colaboradoras y patrocinadores para dar paso y seguido a la ceremonia de entrega de premios.<\/p>\n<p><strong>Por equipos en la categor\u00eda masculina se alz\u00f3 con la victoria el CD Vallivana mientras que en las f\u00e9minas fue el CD Travertoro.<\/strong><\/p>\n<p>Para despedir el acto una gran garbanzada como almuerzo de convivencia entre corredores, organizadores y familia.<\/p>\n<p><a href=\"https:\/\/conchipcanarias.com\/wp-content\/uploads\/2018\/06\/DSC_0109.jpg\" rel=\"wpdevart_lightbox\"><img loading=\"lazy\" decoding=\"async\" class=\" wp-image-3220 alignleft\" src=\"https:\/\/conchipcanarias.com\/wp-content\/uploads\/2018\/06\/DSC_0109-300x203.jpg\" alt=\"\" width=\"259\" height=\"175\" srcset=\"https:\/\/conchipcanarias.com\/wp-content\/uploads\/2018\/06\/DSC_0109-300x203.jpg 300w, https:\/\/conchipcanarias.com\/wp-content\/uploads\/2018\/06\/DSC_0109-768x519.jpg 768w, https:\/\/conchipcanarias.com\/wp-content\/uploads\/2018\/06\/DSC_0109-1024x692.jpg 1024w, https:\/\/conchipcanarias.com\/wp-content\/uploads\/2018\/06\/DSC_0109.jpg 1620w\" sizes=\"auto, (max-width: 259px) 100vw, 259px\" \/><\/a>Agradecer el trato recibido a toda la organizaci\u00f3n y a la comisi\u00f3n de fiestas \u00a0<strong>\u201cLas Chicas de Las Carboneras\u201d<\/strong> y esperamos vernos en la sexta edici\u00f3n, mil gracias a tod@s esperamos hayan pasado una buena ma\u00f1ana.<\/p>\n<p>Clasificaciones: <a href=\"https:\/\/conchipcanarias.com\/?p=2702\">(Pincha Aqu\u00ed)<\/a><\/p>\n<p><strong>Enhorabuena a tod@s.<\/strong><\/p>\n<p>&nbsp;<\/p>\n","protected":false},"excerpt":{"rendered":"<p>Doblete de Ra\u00fal Diaz \u00a0(CD Vallivana) y \u00c1ngela Morales (Oleaje Sport) \u00a0en Las Carboneras. En la ma\u00f1ana de hoy se celebr\u00f3 la quinta edici\u00f3n de la Circular Las Carboneras Trail 2018, prueba incluida en el calendario oficial de la federaci\u00f3n insular de atletismo y adem\u00e1s prueba puntuable en la II Liga Conchip Canarias de carreras &hellip; <\/p>\n<p><a class=\"more-link btn\" href=\"https:\/\/conchipcanarias.com\/?p=3213\">Seguir leyendo<\/a><\/p>\n","protected":false},"author":2,"featured_media":0,"comment_status":"closed","ping_status":"closed","sticky":false,"template":"","format":"standard","meta":{"footnotes":""},"categories":[1],"tags":[17,35,20,15],"class_list":["post-3213","post","type-post","status-publish","format-standard","hentry","category-noticias","tag-conchip-canarias","tag-las-carboneras","tag-tenerife","tag-trail","nodate","item-wrap"],"yoast_head":"<!-- This site is optimized with the Yoast SEO plugin v27.5 - https:\/\/yoast.com\/product\/yoast-seo-wordpress\/ -->\n<title>BREVE RESUMEN CONCHIP CANARIAS SL: V CIRCULAR LAS CARBONERAS TRAIL 2018. - Conchip Canarias S.L<\/title>\n<meta name=\"robots\" content=\"index, follow, max-snippet:-1, max-image-preview:large, max-video-preview:-1\" \/>\n<link rel=\"canonical\" href=\"https:\/\/conchipcanarias.com\/?p=3213\" \/>\n<meta property=\"og:locale\" content=\"es_ES\" \/>\n<meta property=\"og:type\" content=\"article\" \/>\n<meta property=\"og:title\" content=\"BREVE RESUMEN CONCHIP CANARIAS SL: V CIRCULAR LAS CARBONERAS TRAIL 2018. - Conchip Canarias S.L\" \/>\n<meta property=\"og:description\" content=\"Doblete de Ra\u00fal Diaz \u00a0(CD Vallivana) y \u00c1ngela Morales (Oleaje Sport) \u00a0en Las Carboneras. En la ma\u00f1ana de hoy se celebr\u00f3 la quinta edici\u00f3n de la Circular Las Carboneras Trail 2018, prueba incluida en el calendario oficial de la federaci\u00f3n insular de atletismo y adem\u00e1s prueba puntuable en la II Liga Conchip Canarias de carreras &hellip; Seguir leyendo\" \/>\n<meta property=\"og:url\" content=\"https:\/\/conchipcanarias.com\/?p=3213\" \/>\n<meta property=\"og:site_name\" content=\"Conchip Canarias S.L\" \/>\n<meta property=\"article:published_time\" content=\"2018-06-23T16:46:12+00:00\" \/>\n<meta property=\"og:image\" content=\"http:\/\/conchipcanarias.com\/wp-content\/uploads\/2018\/06\/DSC_0007-300x203.jpg\" \/>\n<meta name=\"author\" content=\"Jorge Sanch\u00eds Montero\" \/>\n<meta name=\"twitter:card\" content=\"summary_large_image\" \/>\n<meta name=\"twitter:label1\" content=\"Escrito por\" \/>\n\t<meta name=\"twitter:data1\" content=\"Jorge Sanch\u00eds Montero\" \/>\n\t<meta name=\"twitter:label2\" content=\"Tiempo de lectura\" \/>\n\t<meta name=\"twitter:data2\" content=\"3 minutos\" \/>\n<script type=\"application\/ld+json\" class=\"yoast-schema-graph\">{\"@context\":\"https:\\\/\\\/schema.org\",\"@graph\":[{\"@type\":\"Article\",\"@id\":\"https:\\\/\\\/conchipcanarias.com\\\/?p=3213#article\",\"isPartOf\":{\"@id\":\"https:\\\/\\\/conchipcanarias.com\\\/?p=3213\"},\"author\":{\"name\":\"Jorge Sanch\u00eds Montero\",\"@id\":\"https:\\\/\\\/conchipcanarias.com\\\/#\\\/schema\\\/person\\\/b60e1ca069cbc39080ff46da3c91f2ee\"},\"headline\":\"BREVE RESUMEN CONCHIP CANARIAS SL: V CIRCULAR LAS CARBONERAS TRAIL 2018.\",\"datePublished\":\"2018-06-23T16:46:12+00:00\",\"mainEntityOfPage\":{\"@id\":\"https:\\\/\\\/conchipcanarias.com\\\/?p=3213\"},\"wordCount\":520,\"publisher\":{\"@id\":\"https:\\\/\\\/conchipcanarias.com\\\/#organization\"},\"image\":{\"@id\":\"https:\\\/\\\/conchipcanarias.com\\\/?p=3213#primaryimage\"},\"thumbnailUrl\":\"http:\\\/\\\/conchipcanarias.com\\\/wp-content\\\/uploads\\\/2018\\\/06\\\/DSC_0007-300x203.jpg\",\"keywords\":[\"Conchip Canarias\",\"Las Carboneras\",\"TENERIFE\",\"Trail\"],\"articleSection\":[\"Noticias\"],\"inLanguage\":\"es\"},{\"@type\":\"WebPage\",\"@id\":\"https:\\\/\\\/conchipcanarias.com\\\/?p=3213\",\"url\":\"https:\\\/\\\/conchipcanarias.com\\\/?p=3213\",\"name\":\"BREVE RESUMEN CONCHIP CANARIAS SL: V CIRCULAR LAS CARBONERAS TRAIL 2018. - Conchip Canarias S.L\",\"isPartOf\":{\"@id\":\"https:\\\/\\\/conchipcanarias.com\\\/#website\"},\"primaryImageOfPage\":{\"@id\":\"https:\\\/\\\/conchipcanarias.com\\\/?p=3213#primaryimage\"},\"image\":{\"@id\":\"https:\\\/\\\/conchipcanarias.com\\\/?p=3213#primaryimage\"},\"thumbnailUrl\":\"http:\\\/\\\/conchipcanarias.com\\\/wp-content\\\/uploads\\\/2018\\\/06\\\/DSC_0007-300x203.jpg\",\"datePublished\":\"2018-06-23T16:46:12+00:00\",\"breadcrumb\":{\"@id\":\"https:\\\/\\\/conchipcanarias.com\\\/?p=3213#breadcrumb\"},\"inLanguage\":\"es\",\"potentialAction\":[{\"@type\":\"ReadAction\",\"target\":[\"https:\\\/\\\/conchipcanarias.com\\\/?p=3213\"]}]},{\"@type\":\"ImageObject\",\"inLanguage\":\"es\",\"@id\":\"https:\\\/\\\/conchipcanarias.com\\\/?p=3213#primaryimage\",\"url\":\"http:\\\/\\\/conchipcanarias.com\\\/wp-content\\\/uploads\\\/2018\\\/06\\\/DSC_0007-300x203.jpg\",\"contentUrl\":\"http:\\\/\\\/conchipcanarias.com\\\/wp-content\\\/uploads\\\/2018\\\/06\\\/DSC_0007-300x203.jpg\"},{\"@type\":\"BreadcrumbList\",\"@id\":\"https:\\\/\\\/conchipcanarias.com\\\/?p=3213#breadcrumb\",\"itemListElement\":[{\"@type\":\"ListItem\",\"position\":1,\"name\":\"Portada\",\"item\":\"https:\\\/\\\/conchipcanarias.com\\\/\"},{\"@type\":\"ListItem\",\"position\":2,\"name\":\"BREVE RESUMEN CONCHIP CANARIAS SL: V CIRCULAR LAS CARBONERAS TRAIL 2018.\"}]},{\"@type\":\"WebSite\",\"@id\":\"https:\\\/\\\/conchipcanarias.com\\\/#website\",\"url\":\"https:\\\/\\\/conchipcanarias.com\\\/\",\"name\":\"Conchip Canarias S.L\",\"description\":\"Cronometraje y organizaci&oacute;n de eventos deportivos\",\"publisher\":{\"@id\":\"https:\\\/\\\/conchipcanarias.com\\\/#organization\"},\"potentialAction\":[{\"@type\":\"SearchAction\",\"target\":{\"@type\":\"EntryPoint\",\"urlTemplate\":\"https:\\\/\\\/conchipcanarias.com\\\/?s={search_term_string}\"},\"query-input\":{\"@type\":\"PropertyValueSpecification\",\"valueRequired\":true,\"valueName\":\"search_term_string\"}}],\"inLanguage\":\"es\"},{\"@type\":\"Organization\",\"@id\":\"https:\\\/\\\/conchipcanarias.com\\\/#organization\",\"name\":\"Conchip Canarias S.L.\",\"url\":\"https:\\\/\\\/conchipcanarias.com\\\/\",\"logo\":{\"@type\":\"ImageObject\",\"inLanguage\":\"es\",\"@id\":\"https:\\\/\\\/conchipcanarias.com\\\/#\\\/schema\\\/logo\\\/image\\\/\",\"url\":\"http:\\\/\\\/conchipcanarias.com\\\/wp-content\\\/uploads\\\/2016\\\/07\\\/logo1.png\",\"contentUrl\":\"http:\\\/\\\/conchipcanarias.com\\\/wp-content\\\/uploads\\\/2016\\\/07\\\/logo1.png\",\"width\":255,\"height\":255,\"caption\":\"Conchip Canarias S.L.\"},\"image\":{\"@id\":\"https:\\\/\\\/conchipcanarias.com\\\/#\\\/schema\\\/logo\\\/image\\\/\"}},{\"@type\":\"Person\",\"@id\":\"https:\\\/\\\/conchipcanarias.com\\\/#\\\/schema\\\/person\\\/b60e1ca069cbc39080ff46da3c91f2ee\",\"name\":\"Jorge Sanch\u00eds Montero\",\"url\":\"https:\\\/\\\/conchipcanarias.com\\\/?author=2\"}]}<\/script>\n<!-- \/ Yoast SEO plugin. -->","yoast_head_json":{"title":"BREVE RESUMEN CONCHIP CANARIAS SL: V CIRCULAR LAS CARBONERAS TRAIL 2018. - Conchip Canarias S.L","robots":{"index":"index","follow":"follow","max-snippet":"max-snippet:-1","max-image-preview":"max-image-preview:large","max-video-preview":"max-video-preview:-1"},"canonical":"https:\/\/conchipcanarias.com\/?p=3213","og_locale":"es_ES","og_type":"article","og_title":"BREVE RESUMEN CONCHIP CANARIAS SL: V CIRCULAR LAS CARBONERAS TRAIL 2018. - Conchip Canarias S.L","og_description":"Doblete de Ra\u00fal Diaz \u00a0(CD Vallivana) y \u00c1ngela Morales (Oleaje Sport) \u00a0en Las Carboneras. En la ma\u00f1ana de hoy se celebr\u00f3 la quinta edici\u00f3n de la Circular Las Carboneras Trail 2018, prueba incluida en el calendario oficial de la federaci\u00f3n insular de atletismo y adem\u00e1s prueba puntuable en la II Liga Conchip Canarias de carreras &hellip; Seguir leyendo","og_url":"https:\/\/conchipcanarias.com\/?p=3213","og_site_name":"Conchip Canarias S.L","article_published_time":"2018-06-23T16:46:12+00:00","og_image":[{"url":"http:\/\/conchipcanarias.com\/wp-content\/uploads\/2018\/06\/DSC_0007-300x203.jpg","type":"","width":"","height":""}],"author":"Jorge Sanch\u00eds Montero","twitter_card":"summary_large_image","twitter_misc":{"Escrito por":"Jorge Sanch\u00eds Montero","Tiempo de lectura":"3 minutos"},"schema":{"@context":"https:\/\/schema.org","@graph":[{"@type":"Article","@id":"https:\/\/conchipcanarias.com\/?p=3213#article","isPartOf":{"@id":"https:\/\/conchipcanarias.com\/?p=3213"},"author":{"name":"Jorge Sanch\u00eds Montero","@id":"https:\/\/conchipcanarias.com\/#\/schema\/person\/b60e1ca069cbc39080ff46da3c91f2ee"},"headline":"BREVE RESUMEN CONCHIP CANARIAS SL: V CIRCULAR LAS CARBONERAS TRAIL 2018.","datePublished":"2018-06-23T16:46:12+00:00","mainEntityOfPage":{"@id":"https:\/\/conchipcanarias.com\/?p=3213"},"wordCount":520,"publisher":{"@id":"https:\/\/conchipcanarias.com\/#organization"},"image":{"@id":"https:\/\/conchipcanarias.com\/?p=3213#primaryimage"},"thumbnailUrl":"http:\/\/conchipcanarias.com\/wp-content\/uploads\/2018\/06\/DSC_0007-300x203.jpg","keywords":["Conchip Canarias","Las Carboneras","TENERIFE","Trail"],"articleSection":["Noticias"],"inLanguage":"es"},{"@type":"WebPage","@id":"https:\/\/conchipcanarias.com\/?p=3213","url":"https:\/\/conchipcanarias.com\/?p=3213","name":"BREVE RESUMEN CONCHIP CANARIAS SL: V CIRCULAR LAS CARBONERAS TRAIL 2018. - Conchip Canarias S.L","isPartOf":{"@id":"https:\/\/conchipcanarias.com\/#website"},"primaryImageOfPage":{"@id":"https:\/\/conchipcanarias.com\/?p=3213#primaryimage"},"image":{"@id":"https:\/\/conchipcanarias.com\/?p=3213#primaryimage"},"thumbnailUrl":"http:\/\/conchipcanarias.com\/wp-content\/uploads\/2018\/06\/DSC_0007-300x203.jpg","datePublished":"2018-06-23T16:46:12+00:00","breadcrumb":{"@id":"https:\/\/conchipcanarias.com\/?p=3213#breadcrumb"},"inLanguage":"es","potentialAction":[{"@type":"ReadAction","target":["https:\/\/conchipcanarias.com\/?p=3213"]}]},{"@type":"ImageObject","inLanguage":"es","@id":"https:\/\/conchipcanarias.com\/?p=3213#primaryimage","url":"http:\/\/conchipcanarias.com\/wp-content\/uploads\/2018\/06\/DSC_0007-300x203.jpg","contentUrl":"http:\/\/conchipcanarias.com\/wp-content\/uploads\/2018\/06\/DSC_0007-300x203.jpg"},{"@type":"BreadcrumbList","@id":"https:\/\/conchipcanarias.com\/?p=3213#breadcrumb","itemListElement":[{"@type":"ListItem","position":1,"name":"Portada","item":"https:\/\/conchipcanarias.com\/"},{"@type":"ListItem","position":2,"name":"BREVE RESUMEN CONCHIP CANARIAS SL: V CIRCULAR LAS CARBONERAS TRAIL 2018."}]},{"@type":"WebSite","@id":"https:\/\/conchipcanarias.com\/#website","url":"https:\/\/conchipcanarias.com\/","name":"Conchip Canarias S.L","description":"Cronometraje y organizaci&oacute;n de eventos deportivos","publisher":{"@id":"https:\/\/conchipcanarias.com\/#organization"},"potentialAction":[{"@type":"SearchAction","target":{"@type":"EntryPoint","urlTemplate":"https:\/\/conchipcanarias.com\/?s={search_term_string}"},"query-input":{"@type":"PropertyValueSpecification","valueRequired":true,"valueName":"search_term_string"}}],"inLanguage":"es"},{"@type":"Organization","@id":"https:\/\/conchipcanarias.com\/#organization","name":"Conchip Canarias S.L.","url":"https:\/\/conchipcanarias.com\/","logo":{"@type":"ImageObject","inLanguage":"es","@id":"https:\/\/conchipcanarias.com\/#\/schema\/logo\/image\/","url":"http:\/\/conchipcanarias.com\/wp-content\/uploads\/2016\/07\/logo1.png","contentUrl":"http:\/\/conchipcanarias.com\/wp-content\/uploads\/2016\/07\/logo1.png","width":255,"height":255,"caption":"Conchip Canarias S.L."},"image":{"@id":"https:\/\/conchipcanarias.com\/#\/schema\/logo\/image\/"}},{"@type":"Person","@id":"https:\/\/conchipcanarias.com\/#\/schema\/person\/b60e1ca069cbc39080ff46da3c91f2ee","name":"Jorge Sanch\u00eds Montero","url":"https:\/\/conchipcanarias.com\/?author=2"}]}},"_links":{"self":[{"href":"https:\/\/conchipcanarias.com\/index.php?rest_route=\/wp\/v2\/posts\/3213","targetHints":{"allow":["GET"]}}],"collection":[{"href":"https:\/\/conchipcanarias.com\/index.php?rest_route=\/wp\/v2\/posts"}],"about":[{"href":"https:\/\/conchipcanarias.com\/index.php?rest_route=\/wp\/v2\/types\/post"}],"author":[{"embeddable":true,"href":"https:\/\/conchipcanarias.com\/index.php?rest_route=\/wp\/v2\/users\/2"}],"replies":[{"embeddable":true,"href":"https:\/\/conchipcanarias.com\/index.php?rest_route=%2Fwp%2Fv2%2Fcomments&post=3213"}],"version-history":[{"count":1,"href":"https:\/\/conchipcanarias.com\/index.php?rest_route=\/wp\/v2\/posts\/3213\/revisions"}],"predecessor-version":[{"id":3221,"href":"https:\/\/conchipcanarias.com\/index.php?rest_route=\/wp\/v2\/posts\/3213\/revisions\/3221"}],"wp:attachment":[{"href":"https:\/\/conchipcanarias.com\/index.php?rest_route=%2Fwp%2Fv2%2Fmedia&parent=3213"}],"wp:term":[{"taxonomy":"category","embeddable":true,"href":"https:\/\/conchipcanarias.com\/index.php?rest_route=%2Fwp%2Fv2%2Fcategories&post=3213"},{"taxonomy":"post_tag","embeddable":true,"href":"https:\/\/conchipcanarias.com\/index.php?rest_route=%2Fwp%2Fv2%2Ftags&post=3213"}],"curies":[{"name":"wp","href":"https:\/\/api.w.org\/{rel}","templated":true}]}}