{"id":3072,"date":"2018-04-29T17:27:12","date_gmt":"2018-04-29T17:27:12","guid":{"rendered":"http:\/\/conchipcanarias.com\/?p=3072"},"modified":"2018-04-29T17:31:50","modified_gmt":"2018-04-29T17:31:50","slug":"fotos-conchip-canarias-sl-vi-circular-los-catalanes-trail-2018","status":"publish","type":"post","link":"https:\/\/conchipcanarias.com\/?p=3072","title":{"rendered":"FOTOS CONCHIP CANARIAS SL: VI CIRCULAR LOS CATALANES TRAIL 2018"},"content":{"rendered":"<p><a href=\"https:\/\/conchipcanarias.com\/wp-content\/uploads\/2018\/04\/campesiana.jpg\" rel=\"wpdevart_lightbox\"><img loading=\"lazy\" decoding=\"async\" class=\"size-medium wp-image-3026 alignleft\" src=\"https:\/\/conchipcanarias.com\/wp-content\/uploads\/2018\/04\/campesiana-212x300.jpg\" alt=\"\" width=\"212\" height=\"300\" srcset=\"https:\/\/conchipcanarias.com\/wp-content\/uploads\/2018\/04\/campesiana-212x300.jpg 212w, https:\/\/conchipcanarias.com\/wp-content\/uploads\/2018\/04\/campesiana-768x1085.jpg 768w, https:\/\/conchipcanarias.com\/wp-content\/uploads\/2018\/04\/campesiana-725x1024.jpg 725w, https:\/\/conchipcanarias.com\/wp-content\/uploads\/2018\/04\/campesiana.jpg 880w\" sizes=\"auto, (max-width: 212px) 100vw, 212px\" \/><\/a>Ya tenemos el \u00c1lbum disponible en nuestra web<strong>\u00a0CONCHIPCANARIAS.COM<\/strong>\u00a0\u00a0de la sexta edici\u00f3n de <strong>Los Catalanes Trail 2018<\/strong>,\u00a0 celebrada el pasado s\u00e1bado d\u00eda <strong>28 de abril, en el caser\u00edo de los Catalanes en S\/C de Tenerife<\/strong>, esperemos les gusten pueden compartir que son para ustedes.<\/p>\n<p>Fotos: <a href=\"https:\/\/www.flickr.com\/photos\/140952198@N03\/albums\/72157695558704534\">(PINCHA AQU\u00cd)<\/a><\/p>\n<p>PD: Entra en nuestro Facebook y danos un\u00a0<strong>ME Gusta y estate enterad@ de las carreras pr\u00f3ximas a cronometrar.<\/strong><\/p>\n<p>Fotos realizadas por <strong>Conchip Canarias SL. (J. Sanchis)<\/strong><\/p>\n<p>Nos vemos en la pr\u00f3xima carrera, enhorabuena a tod@s<\/p>\n","protected":false},"excerpt":{"rendered":"<p>Ya tenemos el \u00c1lbum disponible en nuestra web\u00a0CONCHIPCANARIAS.COM\u00a0\u00a0de la sexta edici\u00f3n de Los Catalanes Trail 2018,\u00a0 celebrada el pasado s\u00e1bado d\u00eda 28 de abril, en el caser\u00edo de los Catalanes en S\/C de Tenerife, esperemos les gusten pueden compartir que son para ustedes. Fotos: (PINCHA AQU\u00cd) PD: Entra en nuestro Facebook y danos un\u00a0ME Gusta &hellip; <\/p>\n<p><a class=\"more-link btn\" href=\"https:\/\/conchipcanarias.com\/?p=3072\">Seguir leyendo<\/a><\/p>\n","protected":false},"author":2,"featured_media":3076,"comment_status":"closed","ping_status":"closed","sticky":false,"template":"","format":"standard","meta":{"footnotes":""},"categories":[1],"tags":[],"class_list":["post-3072","post","type-post","status-publish","format-standard","has-post-thumbnail","hentry","category-noticias","nodate","item-wrap"],"yoast_head":"<!-- This site is optimized with the Yoast SEO plugin v27.5 - https:\/\/yoast.com\/product\/yoast-seo-wordpress\/ -->\n<title>FOTOS CONCHIP CANARIAS SL: VI CIRCULAR LOS CATALANES TRAIL 2018 - Conchip Canarias S.L<\/title>\n<meta name=\"robots\" content=\"index, follow, max-snippet:-1, max-image-preview:large, max-video-preview:-1\" \/>\n<link rel=\"canonical\" href=\"https:\/\/conchipcanarias.com\/?p=3072\" \/>\n<meta property=\"og:locale\" content=\"es_ES\" \/>\n<meta property=\"og:type\" content=\"article\" \/>\n<meta property=\"og:title\" content=\"FOTOS CONCHIP CANARIAS SL: VI CIRCULAR LOS CATALANES TRAIL 2018 - Conchip Canarias S.L\" \/>\n<meta property=\"og:description\" content=\"Ya tenemos el \u00c1lbum disponible en nuestra web\u00a0CONCHIPCANARIAS.COM\u00a0\u00a0de la sexta edici\u00f3n de Los Catalanes Trail 2018,\u00a0 celebrada el pasado s\u00e1bado d\u00eda 28 de abril, en el caser\u00edo de los Catalanes en S\/C de Tenerife, esperemos les gusten pueden compartir que son para ustedes. Fotos: (PINCHA AQU\u00cd) PD: Entra en nuestro Facebook y danos un\u00a0ME Gusta &hellip; Seguir leyendo\" \/>\n<meta property=\"og:url\" content=\"https:\/\/conchipcanarias.com\/?p=3072\" \/>\n<meta property=\"og:site_name\" content=\"Conchip Canarias S.L\" \/>\n<meta property=\"article:published_time\" content=\"2018-04-29T17:27:12+00:00\" \/>\n<meta property=\"article:modified_time\" content=\"2018-04-29T17:31:50+00:00\" \/>\n<meta property=\"og:image\" content=\"https:\/\/conchipcanarias.com\/wp-content\/uploads\/2018\/04\/CABECERAS-1.png\" \/>\n\t<meta property=\"og:image:width\" content=\"1046\" \/>\n\t<meta property=\"og:image:height\" content=\"278\" \/>\n\t<meta property=\"og:image:type\" content=\"image\/png\" \/>\n<meta name=\"author\" content=\"Jorge Sanch\u00eds Montero\" \/>\n<meta name=\"twitter:card\" content=\"summary_large_image\" \/>\n<meta name=\"twitter:label1\" content=\"Escrito por\" \/>\n\t<meta name=\"twitter:data1\" content=\"Jorge Sanch\u00eds Montero\" \/>\n<script type=\"application\/ld+json\" class=\"yoast-schema-graph\">{\"@context\":\"https:\\\/\\\/schema.org\",\"@graph\":[{\"@type\":\"Article\",\"@id\":\"https:\\\/\\\/conchipcanarias.com\\\/?p=3072#article\",\"isPartOf\":{\"@id\":\"https:\\\/\\\/conchipcanarias.com\\\/?p=3072\"},\"author\":{\"name\":\"Jorge Sanch\u00eds Montero\",\"@id\":\"https:\\\/\\\/conchipcanarias.com\\\/#\\\/schema\\\/person\\\/b60e1ca069cbc39080ff46da3c91f2ee\"},\"headline\":\"FOTOS CONCHIP CANARIAS SL: VI CIRCULAR LOS CATALANES TRAIL 2018\",\"datePublished\":\"2018-04-29T17:27:12+00:00\",\"dateModified\":\"2018-04-29T17:31:50+00:00\",\"mainEntityOfPage\":{\"@id\":\"https:\\\/\\\/conchipcanarias.com\\\/?p=3072\"},\"wordCount\":100,\"publisher\":{\"@id\":\"https:\\\/\\\/conchipcanarias.com\\\/#organization\"},\"image\":{\"@id\":\"https:\\\/\\\/conchipcanarias.com\\\/?p=3072#primaryimage\"},\"thumbnailUrl\":\"https:\\\/\\\/conchipcanarias.com\\\/wp-content\\\/uploads\\\/2018\\\/04\\\/CABECERAS-1.png\",\"articleSection\":[\"Noticias\"],\"inLanguage\":\"es\"},{\"@type\":\"WebPage\",\"@id\":\"https:\\\/\\\/conchipcanarias.com\\\/?p=3072\",\"url\":\"https:\\\/\\\/conchipcanarias.com\\\/?p=3072\",\"name\":\"FOTOS CONCHIP CANARIAS SL: VI CIRCULAR LOS CATALANES TRAIL 2018 - Conchip Canarias S.L\",\"isPartOf\":{\"@id\":\"https:\\\/\\\/conchipcanarias.com\\\/#website\"},\"primaryImageOfPage\":{\"@id\":\"https:\\\/\\\/conchipcanarias.com\\\/?p=3072#primaryimage\"},\"image\":{\"@id\":\"https:\\\/\\\/conchipcanarias.com\\\/?p=3072#primaryimage\"},\"thumbnailUrl\":\"https:\\\/\\\/conchipcanarias.com\\\/wp-content\\\/uploads\\\/2018\\\/04\\\/CABECERAS-1.png\",\"datePublished\":\"2018-04-29T17:27:12+00:00\",\"dateModified\":\"2018-04-29T17:31:50+00:00\",\"breadcrumb\":{\"@id\":\"https:\\\/\\\/conchipcanarias.com\\\/?p=3072#breadcrumb\"},\"inLanguage\":\"es\",\"potentialAction\":[{\"@type\":\"ReadAction\",\"target\":[\"https:\\\/\\\/conchipcanarias.com\\\/?p=3072\"]}]},{\"@type\":\"ImageObject\",\"inLanguage\":\"es\",\"@id\":\"https:\\\/\\\/conchipcanarias.com\\\/?p=3072#primaryimage\",\"url\":\"https:\\\/\\\/conchipcanarias.com\\\/wp-content\\\/uploads\\\/2018\\\/04\\\/CABECERAS-1.png\",\"contentUrl\":\"https:\\\/\\\/conchipcanarias.com\\\/wp-content\\\/uploads\\\/2018\\\/04\\\/CABECERAS-1.png\",\"width\":1046,\"height\":278},{\"@type\":\"BreadcrumbList\",\"@id\":\"https:\\\/\\\/conchipcanarias.com\\\/?p=3072#breadcrumb\",\"itemListElement\":[{\"@type\":\"ListItem\",\"position\":1,\"name\":\"Portada\",\"item\":\"https:\\\/\\\/conchipcanarias.com\\\/\"},{\"@type\":\"ListItem\",\"position\":2,\"name\":\"FOTOS CONCHIP CANARIAS SL: VI CIRCULAR LOS CATALANES TRAIL 2018\"}]},{\"@type\":\"WebSite\",\"@id\":\"https:\\\/\\\/conchipcanarias.com\\\/#website\",\"url\":\"https:\\\/\\\/conchipcanarias.com\\\/\",\"name\":\"Conchip Canarias S.L\",\"description\":\"Cronometraje y organizaci&oacute;n de eventos deportivos\",\"publisher\":{\"@id\":\"https:\\\/\\\/conchipcanarias.com\\\/#organization\"},\"potentialAction\":[{\"@type\":\"SearchAction\",\"target\":{\"@type\":\"EntryPoint\",\"urlTemplate\":\"https:\\\/\\\/conchipcanarias.com\\\/?s={search_term_string}\"},\"query-input\":{\"@type\":\"PropertyValueSpecification\",\"valueRequired\":true,\"valueName\":\"search_term_string\"}}],\"inLanguage\":\"es\"},{\"@type\":\"Organization\",\"@id\":\"https:\\\/\\\/conchipcanarias.com\\\/#organization\",\"name\":\"Conchip Canarias S.L.\",\"url\":\"https:\\\/\\\/conchipcanarias.com\\\/\",\"logo\":{\"@type\":\"ImageObject\",\"inLanguage\":\"es\",\"@id\":\"https:\\\/\\\/conchipcanarias.com\\\/#\\\/schema\\\/logo\\\/image\\\/\",\"url\":\"http:\\\/\\\/conchipcanarias.com\\\/wp-content\\\/uploads\\\/2016\\\/07\\\/logo1.png\",\"contentUrl\":\"http:\\\/\\\/conchipcanarias.com\\\/wp-content\\\/uploads\\\/2016\\\/07\\\/logo1.png\",\"width\":255,\"height\":255,\"caption\":\"Conchip Canarias S.L.\"},\"image\":{\"@id\":\"https:\\\/\\\/conchipcanarias.com\\\/#\\\/schema\\\/logo\\\/image\\\/\"}},{\"@type\":\"Person\",\"@id\":\"https:\\\/\\\/conchipcanarias.com\\\/#\\\/schema\\\/person\\\/b60e1ca069cbc39080ff46da3c91f2ee\",\"name\":\"Jorge Sanch\u00eds Montero\",\"url\":\"https:\\\/\\\/conchipcanarias.com\\\/?author=2\"}]}<\/script>\n<!-- \/ Yoast SEO plugin. -->","yoast_head_json":{"title":"FOTOS CONCHIP CANARIAS SL: VI CIRCULAR LOS CATALANES TRAIL 2018 - Conchip Canarias S.L","robots":{"index":"index","follow":"follow","max-snippet":"max-snippet:-1","max-image-preview":"max-image-preview:large","max-video-preview":"max-video-preview:-1"},"canonical":"https:\/\/conchipcanarias.com\/?p=3072","og_locale":"es_ES","og_type":"article","og_title":"FOTOS CONCHIP CANARIAS SL: VI CIRCULAR LOS CATALANES TRAIL 2018 - Conchip Canarias S.L","og_description":"Ya tenemos el \u00c1lbum disponible en nuestra web\u00a0CONCHIPCANARIAS.COM\u00a0\u00a0de la sexta edici\u00f3n de Los Catalanes Trail 2018,\u00a0 celebrada el pasado s\u00e1bado d\u00eda 28 de abril, en el caser\u00edo de los Catalanes en S\/C de Tenerife, esperemos les gusten pueden compartir que son para ustedes. Fotos: (PINCHA AQU\u00cd) PD: Entra en nuestro Facebook y danos un\u00a0ME Gusta &hellip; Seguir leyendo","og_url":"https:\/\/conchipcanarias.com\/?p=3072","og_site_name":"Conchip Canarias S.L","article_published_time":"2018-04-29T17:27:12+00:00","article_modified_time":"2018-04-29T17:31:50+00:00","og_image":[{"width":1046,"height":278,"url":"https:\/\/conchipcanarias.com\/wp-content\/uploads\/2018\/04\/CABECERAS-1.png","type":"image\/png"}],"author":"Jorge Sanch\u00eds Montero","twitter_card":"summary_large_image","twitter_misc":{"Escrito por":"Jorge Sanch\u00eds Montero"},"schema":{"@context":"https:\/\/schema.org","@graph":[{"@type":"Article","@id":"https:\/\/conchipcanarias.com\/?p=3072#article","isPartOf":{"@id":"https:\/\/conchipcanarias.com\/?p=3072"},"author":{"name":"Jorge Sanch\u00eds Montero","@id":"https:\/\/conchipcanarias.com\/#\/schema\/person\/b60e1ca069cbc39080ff46da3c91f2ee"},"headline":"FOTOS CONCHIP CANARIAS SL: VI CIRCULAR LOS CATALANES TRAIL 2018","datePublished":"2018-04-29T17:27:12+00:00","dateModified":"2018-04-29T17:31:50+00:00","mainEntityOfPage":{"@id":"https:\/\/conchipcanarias.com\/?p=3072"},"wordCount":100,"publisher":{"@id":"https:\/\/conchipcanarias.com\/#organization"},"image":{"@id":"https:\/\/conchipcanarias.com\/?p=3072#primaryimage"},"thumbnailUrl":"https:\/\/conchipcanarias.com\/wp-content\/uploads\/2018\/04\/CABECERAS-1.png","articleSection":["Noticias"],"inLanguage":"es"},{"@type":"WebPage","@id":"https:\/\/conchipcanarias.com\/?p=3072","url":"https:\/\/conchipcanarias.com\/?p=3072","name":"FOTOS CONCHIP CANARIAS SL: VI CIRCULAR LOS CATALANES TRAIL 2018 - Conchip Canarias S.L","isPartOf":{"@id":"https:\/\/conchipcanarias.com\/#website"},"primaryImageOfPage":{"@id":"https:\/\/conchipcanarias.com\/?p=3072#primaryimage"},"image":{"@id":"https:\/\/conchipcanarias.com\/?p=3072#primaryimage"},"thumbnailUrl":"https:\/\/conchipcanarias.com\/wp-content\/uploads\/2018\/04\/CABECERAS-1.png","datePublished":"2018-04-29T17:27:12+00:00","dateModified":"2018-04-29T17:31:50+00:00","breadcrumb":{"@id":"https:\/\/conchipcanarias.com\/?p=3072#breadcrumb"},"inLanguage":"es","potentialAction":[{"@type":"ReadAction","target":["https:\/\/conchipcanarias.com\/?p=3072"]}]},{"@type":"ImageObject","inLanguage":"es","@id":"https:\/\/conchipcanarias.com\/?p=3072#primaryimage","url":"https:\/\/conchipcanarias.com\/wp-content\/uploads\/2018\/04\/CABECERAS-1.png","contentUrl":"https:\/\/conchipcanarias.com\/wp-content\/uploads\/2018\/04\/CABECERAS-1.png","width":1046,"height":278},{"@type":"BreadcrumbList","@id":"https:\/\/conchipcanarias.com\/?p=3072#breadcrumb","itemListElement":[{"@type":"ListItem","position":1,"name":"Portada","item":"https:\/\/conchipcanarias.com\/"},{"@type":"ListItem","position":2,"name":"FOTOS CONCHIP CANARIAS SL: VI CIRCULAR LOS CATALANES TRAIL 2018"}]},{"@type":"WebSite","@id":"https:\/\/conchipcanarias.com\/#website","url":"https:\/\/conchipcanarias.com\/","name":"Conchip Canarias S.L","description":"Cronometraje y organizaci&oacute;n de eventos deportivos","publisher":{"@id":"https:\/\/conchipcanarias.com\/#organization"},"potentialAction":[{"@type":"SearchAction","target":{"@type":"EntryPoint","urlTemplate":"https:\/\/conchipcanarias.com\/?s={search_term_string}"},"query-input":{"@type":"PropertyValueSpecification","valueRequired":true,"valueName":"search_term_string"}}],"inLanguage":"es"},{"@type":"Organization","@id":"https:\/\/conchipcanarias.com\/#organization","name":"Conchip Canarias S.L.","url":"https:\/\/conchipcanarias.com\/","logo":{"@type":"ImageObject","inLanguage":"es","@id":"https:\/\/conchipcanarias.com\/#\/schema\/logo\/image\/","url":"http:\/\/conchipcanarias.com\/wp-content\/uploads\/2016\/07\/logo1.png","contentUrl":"http:\/\/conchipcanarias.com\/wp-content\/uploads\/2016\/07\/logo1.png","width":255,"height":255,"caption":"Conchip Canarias S.L."},"image":{"@id":"https:\/\/conchipcanarias.com\/#\/schema\/logo\/image\/"}},{"@type":"Person","@id":"https:\/\/conchipcanarias.com\/#\/schema\/person\/b60e1ca069cbc39080ff46da3c91f2ee","name":"Jorge Sanch\u00eds Montero","url":"https:\/\/conchipcanarias.com\/?author=2"}]}},"_links":{"self":[{"href":"https:\/\/conchipcanarias.com\/index.php?rest_route=\/wp\/v2\/posts\/3072","targetHints":{"allow":["GET"]}}],"collection":[{"href":"https:\/\/conchipcanarias.com\/index.php?rest_route=\/wp\/v2\/posts"}],"about":[{"href":"https:\/\/conchipcanarias.com\/index.php?rest_route=\/wp\/v2\/types\/post"}],"author":[{"embeddable":true,"href":"https:\/\/conchipcanarias.com\/index.php?rest_route=\/wp\/v2\/users\/2"}],"replies":[{"embeddable":true,"href":"https:\/\/conchipcanarias.com\/index.php?rest_route=%2Fwp%2Fv2%2Fcomments&post=3072"}],"version-history":[{"count":1,"href":"https:\/\/conchipcanarias.com\/index.php?rest_route=\/wp\/v2\/posts\/3072\/revisions"}],"predecessor-version":[{"id":3075,"href":"https:\/\/conchipcanarias.com\/index.php?rest_route=\/wp\/v2\/posts\/3072\/revisions\/3075"}],"wp:featuredmedia":[{"embeddable":true,"href":"https:\/\/conchipcanarias.com\/index.php?rest_route=\/wp\/v2\/media\/3076"}],"wp:attachment":[{"href":"https:\/\/conchipcanarias.com\/index.php?rest_route=%2Fwp%2Fv2%2Fmedia&parent=3072"}],"wp:term":[{"taxonomy":"category","embeddable":true,"href":"https:\/\/conchipcanarias.com\/index.php?rest_route=%2Fwp%2Fv2%2Fcategories&post=3072"},{"taxonomy":"post_tag","embeddable":true,"href":"https:\/\/conchipcanarias.com\/index.php?rest_route=%2Fwp%2Fv2%2Ftags&post=3072"}],"curies":[{"name":"wp","href":"https:\/\/api.w.org\/{rel}","templated":true}]}}