{"id":3065,"date":"2018-04-29T00:00:03","date_gmt":"2018-04-29T00:00:03","guid":{"rendered":"http:\/\/conchipcanarias.com\/?p=3065"},"modified":"2018-04-29T00:02:52","modified_gmt":"2018-04-29T00:02:52","slug":"breve-resumen-conchip-canarias-sl-vi-circular-los-catalanes-trail-2018","status":"publish","type":"post","link":"https:\/\/conchipcanarias.com\/?p=3065","title":{"rendered":"BREVE RESUMEN CONCHIP CANARIAS SL: VI CIRCULAR LOS CATALANES TRAIL 2018."},"content":{"rendered":"<p><span style=\"color: #0000ff;\"><strong><a href=\"https:\/\/conchipcanarias.com\/wp-content\/uploads\/2018\/04\/DSC_0003.jpg\" rel=\"wpdevart_lightbox\"><img loading=\"lazy\" decoding=\"async\" class=\" wp-image-3066 alignleft\" src=\"https:\/\/conchipcanarias.com\/wp-content\/uploads\/2018\/04\/DSC_0003-300x203.jpg\" alt=\"\" width=\"231\" height=\"156\" srcset=\"https:\/\/conchipcanarias.com\/wp-content\/uploads\/2018\/04\/DSC_0003-300x203.jpg 300w, https:\/\/conchipcanarias.com\/wp-content\/uploads\/2018\/04\/DSC_0003-768x520.jpg 768w, https:\/\/conchipcanarias.com\/wp-content\/uploads\/2018\/04\/DSC_0003-1024x693.jpg 1024w, https:\/\/conchipcanarias.com\/wp-content\/uploads\/2018\/04\/DSC_0003.jpg 1044w\" sizes=\"auto, (max-width: 231px) 100vw, 231px\" \/><\/a>Ra\u00fal Diaz (CD Vallivana) y Raquel Rodriguez (Punta Brava Runners) se imponen en el Trail de Los catalanes.<\/strong><\/span><\/p>\n<p>En la tarde del s\u00e1bado d\u00eda <strong>28 de abril<\/strong> se ha celebrado en el <strong>caser\u00edo de Los Catalanes en Santa Cruz de Tenerife<\/strong> una nueva edici\u00f3n <strong>de la Circular y ya van 6 las ediciones<\/strong>, la prueba que en esta ocasi\u00f3n fue organizada por el <strong>CD Vallivana con Fernando Siverio<\/strong> como director de carrera y m\u00e1ximo responsable del buen trabajo realizado en el d\u00eda de hoy ha cumplido con las expectativas y ha sido un \u00e9xito y adem\u00e1s un acierto el cambio del nuevo recorrido, que a pesar de su gran dureza en apenas <strong>12km<\/strong> ha encantado a los participantes en el d\u00eda de hoy.<\/p>\n<p><a href=\"https:\/\/conchipcanarias.com\/wp-content\/uploads\/2018\/04\/DSC_0039.jpg\" rel=\"wpdevart_lightbox\"><img loading=\"lazy\" decoding=\"async\" class=\" wp-image-3067 alignright\" src=\"https:\/\/conchipcanarias.com\/wp-content\/uploads\/2018\/04\/DSC_0039-300x203.jpg\" alt=\"\" width=\"272\" height=\"184\" srcset=\"https:\/\/conchipcanarias.com\/wp-content\/uploads\/2018\/04\/DSC_0039-300x203.jpg 300w, https:\/\/conchipcanarias.com\/wp-content\/uploads\/2018\/04\/DSC_0039-768x521.jpg 768w, https:\/\/conchipcanarias.com\/wp-content\/uploads\/2018\/04\/DSC_0039-1024x694.jpg 1024w, https:\/\/conchipcanarias.com\/wp-content\/uploads\/2018\/04\/DSC_0039.jpg 1044w\" sizes=\"auto, (max-width: 272px) 100vw, 272px\" \/><\/a>El fuerte viento de estos d\u00edas en el <strong>Caser\u00edo de los Catalanes<\/strong> hizo acto de presencia hoy tambi\u00e9n aguando la fiesta a los organizadores que apenas pudieron adornar la entrada en meta como les hubiera gustado, as\u00ed que se decidi\u00f3 por seguridad retirar los arcos de meta y dem\u00e1s cosas.<\/p>\n<p>A los que no afecto el viento son a los ganadores de la prueba en ambos sexos, impresionante estado de forma de corredor del <strong>CD Vallivana, Ra\u00fal Diaz Perdomo<\/strong> que desde el principio al fin sali\u00f3 como un hurac\u00e1n \u00a0marcando el ritmo al mism\u00edsimo temporal de viento, el duelo se decant\u00f3 por<strong> Ra\u00fal y se proclam\u00f3 campe\u00f3n de la prueba parando el crono en 1:11\u201939\u2019\u2019, seguido de otro gran especialista en el Trail como lo es A\u00e1ron Hernandez Fari\u00f1a (Studio 54) con un tiempo de 1:17:39, y el bronce en esta ocasi\u00f3n fue para el corredor de TrailShop La Laguna, Sergio Amaya Herrera con 1:20\u201948\u2019\u2019.<\/strong><\/p>\n<p><a href=\"https:\/\/conchipcanarias.com\/wp-content\/uploads\/2018\/04\/DSC_0005.jpg\" rel=\"wpdevart_lightbox\"><img loading=\"lazy\" decoding=\"async\" class=\" wp-image-3068 alignleft\" src=\"https:\/\/conchipcanarias.com\/wp-content\/uploads\/2018\/04\/DSC_0005-300x203.jpg\" alt=\"\" width=\"247\" height=\"167\" srcset=\"https:\/\/conchipcanarias.com\/wp-content\/uploads\/2018\/04\/DSC_0005-300x203.jpg 300w, https:\/\/conchipcanarias.com\/wp-content\/uploads\/2018\/04\/DSC_0005-768x520.jpg 768w, https:\/\/conchipcanarias.com\/wp-content\/uploads\/2018\/04\/DSC_0005-1024x693.jpg 1024w, https:\/\/conchipcanarias.com\/wp-content\/uploads\/2018\/04\/DSC_0005.jpg 1044w\" sizes=\"auto, (max-width: 247px) 100vw, 247px\" \/><\/a>En la categor\u00eda femenina gran carrera tambi\u00e9n, un poco m\u00e1s equilibrada en la que las dos primeras corredoras tuvieron un bonito duelo que al final se llev\u00f3 la corredora del <strong>Punta Brava Runners Raquel Rodriguez, con un tiempo de 1:41\u201912, seguida de \u00c1ngela Morales del Oleaje Sport 1:41\u201949\u2019\u2019, en tercera posici\u00f3n<\/strong> y con m\u00e1s de cuatro meses sin competir en la monta\u00f1a, la corredora del <strong>CD Travertoro se hizo con el bronce con un tiempo de 1:54\u201951\u2019\u2019, mostr\u00e1ndose muy contenta en la entrada en meta.<\/strong><\/p>\n<p><a href=\"https:\/\/conchipcanarias.com\/wp-content\/uploads\/2018\/04\/DSC_0029.jpg\" rel=\"wpdevart_lightbox\"><img loading=\"lazy\" decoding=\"async\" class=\" wp-image-3069 alignright\" src=\"https:\/\/conchipcanarias.com\/wp-content\/uploads\/2018\/04\/DSC_0029-300x203.jpg\" alt=\"\" width=\"260\" height=\"176\" srcset=\"https:\/\/conchipcanarias.com\/wp-content\/uploads\/2018\/04\/DSC_0029-300x203.jpg 300w, https:\/\/conchipcanarias.com\/wp-content\/uploads\/2018\/04\/DSC_0029-768x520.jpg 768w, https:\/\/conchipcanarias.com\/wp-content\/uploads\/2018\/04\/DSC_0029-1024x693.jpg 1024w, https:\/\/conchipcanarias.com\/wp-content\/uploads\/2018\/04\/DSC_0029.jpg 1044w\" sizes=\"auto, (max-width: 260px) 100vw, 260px\" \/><\/a>Al t\u00e9rmino de la carrera la organizaci\u00f3n brindo una paella a corredores y familiares y realizo m\u00e1s de 30 sorteos de las casas colaboradoras para dar paso a la ceremonia de entrega de premios.<\/p>\n<p>La organizaci\u00f3n con <strong>Nando<\/strong> al frente se queda muy satisfecha por la gran aceptaci\u00f3n que ha tenido el nuevo \u00a0recorrido y les da la gracias un a\u00f1o m\u00e1s elegir <strong>Los Catalanes<\/strong>, a pesar del calendario atl\u00e9tico que hab\u00eda en la isla este fin de semana, sabemos que cada vez es m\u00e1s dif\u00edcil ya que hay muchas carreras pero seguiremos intentando y d\u00e1ndoles una mejor carrera a\u00f1o tras a\u00f1o siempre pensando en el corredor. Esperamos verles en el resto de carreras de la<strong> Liga conchip y por supuesto en Carboneras y Taganana.<\/strong><\/p>\n<p><a href=\"https:\/\/conchipcanarias.com\/wp-content\/uploads\/2018\/04\/DSC_0008.jpg\" rel=\"wpdevart_lightbox\"><img loading=\"lazy\" decoding=\"async\" class=\" wp-image-3070 alignleft\" src=\"https:\/\/conchipcanarias.com\/wp-content\/uploads\/2018\/04\/DSC_0008-300x203.jpg\" alt=\"\" width=\"253\" height=\"171\" srcset=\"https:\/\/conchipcanarias.com\/wp-content\/uploads\/2018\/04\/DSC_0008-300x203.jpg 300w, https:\/\/conchipcanarias.com\/wp-content\/uploads\/2018\/04\/DSC_0008-768x520.jpg 768w, https:\/\/conchipcanarias.com\/wp-content\/uploads\/2018\/04\/DSC_0008-1024x693.jpg 1024w, https:\/\/conchipcanarias.com\/wp-content\/uploads\/2018\/04\/DSC_0008.jpg 1044w\" sizes=\"auto, (max-width: 253px) 100vw, 253px\" \/><\/a>Clasificaciones: <a href=\"https:\/\/conchipcanarias.com\/?p=2646\">(Pincha Aqu\u00ed)<\/a><\/p>\n<p><strong>Por supuesto mil gracias a los m\u00e1s de 30 voluntarios distribuidos por todo el recorrido y plaza como a los efectivos de la Polic\u00eda Local, Protecci\u00f3n civil y dem\u00e1s entes p\u00fablicas.<\/strong><\/p>\n<p>En breve subimos fotos en nuestra web.<\/p>\n","protected":false},"excerpt":{"rendered":"<p>Ra\u00fal Diaz (CD Vallivana) y Raquel Rodriguez (Punta Brava Runners) se imponen en el Trail de Los catalanes. En la tarde del s\u00e1bado d\u00eda 28 de abril se ha celebrado en el caser\u00edo de Los Catalanes en Santa Cruz de Tenerife una nueva edici\u00f3n de la Circular y ya van 6 las ediciones, la prueba &hellip; <\/p>\n<p><a class=\"more-link btn\" href=\"https:\/\/conchipcanarias.com\/?p=3065\">Seguir leyendo<\/a><\/p>\n","protected":false},"author":2,"featured_media":0,"comment_status":"closed","ping_status":"closed","sticky":false,"template":"","format":"standard","meta":{"footnotes":""},"categories":[1],"tags":[17,16,15],"class_list":["post-3065","post","type-post","status-publish","format-standard","hentry","category-noticias","tag-conchip-canarias","tag-los-catalanes","tag-trail","nodate","item-wrap"],"yoast_head":"<!-- This site is optimized with the Yoast SEO plugin v27.5 - https:\/\/yoast.com\/product\/yoast-seo-wordpress\/ -->\n<title>BREVE RESUMEN CONCHIP CANARIAS SL: VI CIRCULAR LOS CATALANES TRAIL 2018. - Conchip Canarias S.L<\/title>\n<meta name=\"robots\" content=\"index, follow, max-snippet:-1, max-image-preview:large, max-video-preview:-1\" \/>\n<link rel=\"canonical\" href=\"https:\/\/conchipcanarias.com\/?p=3065\" \/>\n<meta property=\"og:locale\" content=\"es_ES\" \/>\n<meta property=\"og:type\" content=\"article\" \/>\n<meta property=\"og:title\" content=\"BREVE RESUMEN CONCHIP CANARIAS SL: VI CIRCULAR LOS CATALANES TRAIL 2018. - Conchip Canarias S.L\" \/>\n<meta property=\"og:description\" content=\"Ra\u00fal Diaz (CD Vallivana) y Raquel Rodriguez (Punta Brava Runners) se imponen en el Trail de Los catalanes. En la tarde del s\u00e1bado d\u00eda 28 de abril se ha celebrado en el caser\u00edo de Los Catalanes en Santa Cruz de Tenerife una nueva edici\u00f3n de la Circular y ya van 6 las ediciones, la prueba &hellip; Seguir leyendo\" \/>\n<meta property=\"og:url\" content=\"https:\/\/conchipcanarias.com\/?p=3065\" \/>\n<meta property=\"og:site_name\" content=\"Conchip Canarias S.L\" \/>\n<meta property=\"article:published_time\" content=\"2018-04-29T00:00:03+00:00\" \/>\n<meta property=\"article:modified_time\" content=\"2018-04-29T00:02:52+00:00\" \/>\n<meta property=\"og:image\" content=\"http:\/\/conchipcanarias.com\/wp-content\/uploads\/2018\/04\/DSC_0003-300x203.jpg\" \/>\n<meta name=\"author\" content=\"Jorge Sanch\u00eds Montero\" \/>\n<meta name=\"twitter:card\" content=\"summary_large_image\" \/>\n<meta name=\"twitter:label1\" content=\"Escrito por\" \/>\n\t<meta name=\"twitter:data1\" content=\"Jorge Sanch\u00eds Montero\" \/>\n\t<meta name=\"twitter:label2\" content=\"Tiempo de lectura\" \/>\n\t<meta name=\"twitter:data2\" content=\"3 minutos\" \/>\n<script type=\"application\/ld+json\" class=\"yoast-schema-graph\">{\"@context\":\"https:\\\/\\\/schema.org\",\"@graph\":[{\"@type\":\"Article\",\"@id\":\"https:\\\/\\\/conchipcanarias.com\\\/?p=3065#article\",\"isPartOf\":{\"@id\":\"https:\\\/\\\/conchipcanarias.com\\\/?p=3065\"},\"author\":{\"name\":\"Jorge Sanch\u00eds Montero\",\"@id\":\"https:\\\/\\\/conchipcanarias.com\\\/#\\\/schema\\\/person\\\/b60e1ca069cbc39080ff46da3c91f2ee\"},\"headline\":\"BREVE RESUMEN CONCHIP CANARIAS SL: VI CIRCULAR LOS CATALANES TRAIL 2018.\",\"datePublished\":\"2018-04-29T00:00:03+00:00\",\"dateModified\":\"2018-04-29T00:02:52+00:00\",\"mainEntityOfPage\":{\"@id\":\"https:\\\/\\\/conchipcanarias.com\\\/?p=3065\"},\"wordCount\":576,\"publisher\":{\"@id\":\"https:\\\/\\\/conchipcanarias.com\\\/#organization\"},\"image\":{\"@id\":\"https:\\\/\\\/conchipcanarias.com\\\/?p=3065#primaryimage\"},\"thumbnailUrl\":\"http:\\\/\\\/conchipcanarias.com\\\/wp-content\\\/uploads\\\/2018\\\/04\\\/DSC_0003-300x203.jpg\",\"keywords\":[\"Conchip Canarias\",\"Los Catalanes\",\"Trail\"],\"articleSection\":[\"Noticias\"],\"inLanguage\":\"es\"},{\"@type\":\"WebPage\",\"@id\":\"https:\\\/\\\/conchipcanarias.com\\\/?p=3065\",\"url\":\"https:\\\/\\\/conchipcanarias.com\\\/?p=3065\",\"name\":\"BREVE RESUMEN CONCHIP CANARIAS SL: VI CIRCULAR LOS CATALANES TRAIL 2018. - Conchip Canarias S.L\",\"isPartOf\":{\"@id\":\"https:\\\/\\\/conchipcanarias.com\\\/#website\"},\"primaryImageOfPage\":{\"@id\":\"https:\\\/\\\/conchipcanarias.com\\\/?p=3065#primaryimage\"},\"image\":{\"@id\":\"https:\\\/\\\/conchipcanarias.com\\\/?p=3065#primaryimage\"},\"thumbnailUrl\":\"http:\\\/\\\/conchipcanarias.com\\\/wp-content\\\/uploads\\\/2018\\\/04\\\/DSC_0003-300x203.jpg\",\"datePublished\":\"2018-04-29T00:00:03+00:00\",\"dateModified\":\"2018-04-29T00:02:52+00:00\",\"breadcrumb\":{\"@id\":\"https:\\\/\\\/conchipcanarias.com\\\/?p=3065#breadcrumb\"},\"inLanguage\":\"es\",\"potentialAction\":[{\"@type\":\"ReadAction\",\"target\":[\"https:\\\/\\\/conchipcanarias.com\\\/?p=3065\"]}]},{\"@type\":\"ImageObject\",\"inLanguage\":\"es\",\"@id\":\"https:\\\/\\\/conchipcanarias.com\\\/?p=3065#primaryimage\",\"url\":\"http:\\\/\\\/conchipcanarias.com\\\/wp-content\\\/uploads\\\/2018\\\/04\\\/DSC_0003-300x203.jpg\",\"contentUrl\":\"http:\\\/\\\/conchipcanarias.com\\\/wp-content\\\/uploads\\\/2018\\\/04\\\/DSC_0003-300x203.jpg\"},{\"@type\":\"BreadcrumbList\",\"@id\":\"https:\\\/\\\/conchipcanarias.com\\\/?p=3065#breadcrumb\",\"itemListElement\":[{\"@type\":\"ListItem\",\"position\":1,\"name\":\"Portada\",\"item\":\"https:\\\/\\\/conchipcanarias.com\\\/\"},{\"@type\":\"ListItem\",\"position\":2,\"name\":\"BREVE RESUMEN CONCHIP CANARIAS SL: VI CIRCULAR LOS CATALANES TRAIL 2018.\"}]},{\"@type\":\"WebSite\",\"@id\":\"https:\\\/\\\/conchipcanarias.com\\\/#website\",\"url\":\"https:\\\/\\\/conchipcanarias.com\\\/\",\"name\":\"Conchip Canarias S.L\",\"description\":\"Cronometraje y organizaci&oacute;n de eventos deportivos\",\"publisher\":{\"@id\":\"https:\\\/\\\/conchipcanarias.com\\\/#organization\"},\"potentialAction\":[{\"@type\":\"SearchAction\",\"target\":{\"@type\":\"EntryPoint\",\"urlTemplate\":\"https:\\\/\\\/conchipcanarias.com\\\/?s={search_term_string}\"},\"query-input\":{\"@type\":\"PropertyValueSpecification\",\"valueRequired\":true,\"valueName\":\"search_term_string\"}}],\"inLanguage\":\"es\"},{\"@type\":\"Organization\",\"@id\":\"https:\\\/\\\/conchipcanarias.com\\\/#organization\",\"name\":\"Conchip Canarias S.L.\",\"url\":\"https:\\\/\\\/conchipcanarias.com\\\/\",\"logo\":{\"@type\":\"ImageObject\",\"inLanguage\":\"es\",\"@id\":\"https:\\\/\\\/conchipcanarias.com\\\/#\\\/schema\\\/logo\\\/image\\\/\",\"url\":\"http:\\\/\\\/conchipcanarias.com\\\/wp-content\\\/uploads\\\/2016\\\/07\\\/logo1.png\",\"contentUrl\":\"http:\\\/\\\/conchipcanarias.com\\\/wp-content\\\/uploads\\\/2016\\\/07\\\/logo1.png\",\"width\":255,\"height\":255,\"caption\":\"Conchip Canarias S.L.\"},\"image\":{\"@id\":\"https:\\\/\\\/conchipcanarias.com\\\/#\\\/schema\\\/logo\\\/image\\\/\"}},{\"@type\":\"Person\",\"@id\":\"https:\\\/\\\/conchipcanarias.com\\\/#\\\/schema\\\/person\\\/b60e1ca069cbc39080ff46da3c91f2ee\",\"name\":\"Jorge Sanch\u00eds Montero\",\"url\":\"https:\\\/\\\/conchipcanarias.com\\\/?author=2\"}]}<\/script>\n<!-- \/ Yoast SEO plugin. -->","yoast_head_json":{"title":"BREVE RESUMEN CONCHIP CANARIAS SL: VI CIRCULAR LOS CATALANES TRAIL 2018. - Conchip Canarias S.L","robots":{"index":"index","follow":"follow","max-snippet":"max-snippet:-1","max-image-preview":"max-image-preview:large","max-video-preview":"max-video-preview:-1"},"canonical":"https:\/\/conchipcanarias.com\/?p=3065","og_locale":"es_ES","og_type":"article","og_title":"BREVE RESUMEN CONCHIP CANARIAS SL: VI CIRCULAR LOS CATALANES TRAIL 2018. - Conchip Canarias S.L","og_description":"Ra\u00fal Diaz (CD Vallivana) y Raquel Rodriguez (Punta Brava Runners) se imponen en el Trail de Los catalanes. En la tarde del s\u00e1bado d\u00eda 28 de abril se ha celebrado en el caser\u00edo de Los Catalanes en Santa Cruz de Tenerife una nueva edici\u00f3n de la Circular y ya van 6 las ediciones, la prueba &hellip; Seguir leyendo","og_url":"https:\/\/conchipcanarias.com\/?p=3065","og_site_name":"Conchip Canarias S.L","article_published_time":"2018-04-29T00:00:03+00:00","article_modified_time":"2018-04-29T00:02:52+00:00","og_image":[{"url":"http:\/\/conchipcanarias.com\/wp-content\/uploads\/2018\/04\/DSC_0003-300x203.jpg","type":"","width":"","height":""}],"author":"Jorge Sanch\u00eds Montero","twitter_card":"summary_large_image","twitter_misc":{"Escrito por":"Jorge Sanch\u00eds Montero","Tiempo de lectura":"3 minutos"},"schema":{"@context":"https:\/\/schema.org","@graph":[{"@type":"Article","@id":"https:\/\/conchipcanarias.com\/?p=3065#article","isPartOf":{"@id":"https:\/\/conchipcanarias.com\/?p=3065"},"author":{"name":"Jorge Sanch\u00eds Montero","@id":"https:\/\/conchipcanarias.com\/#\/schema\/person\/b60e1ca069cbc39080ff46da3c91f2ee"},"headline":"BREVE RESUMEN CONCHIP CANARIAS SL: VI CIRCULAR LOS CATALANES TRAIL 2018.","datePublished":"2018-04-29T00:00:03+00:00","dateModified":"2018-04-29T00:02:52+00:00","mainEntityOfPage":{"@id":"https:\/\/conchipcanarias.com\/?p=3065"},"wordCount":576,"publisher":{"@id":"https:\/\/conchipcanarias.com\/#organization"},"image":{"@id":"https:\/\/conchipcanarias.com\/?p=3065#primaryimage"},"thumbnailUrl":"http:\/\/conchipcanarias.com\/wp-content\/uploads\/2018\/04\/DSC_0003-300x203.jpg","keywords":["Conchip Canarias","Los Catalanes","Trail"],"articleSection":["Noticias"],"inLanguage":"es"},{"@type":"WebPage","@id":"https:\/\/conchipcanarias.com\/?p=3065","url":"https:\/\/conchipcanarias.com\/?p=3065","name":"BREVE RESUMEN CONCHIP CANARIAS SL: VI CIRCULAR LOS CATALANES TRAIL 2018. - Conchip Canarias S.L","isPartOf":{"@id":"https:\/\/conchipcanarias.com\/#website"},"primaryImageOfPage":{"@id":"https:\/\/conchipcanarias.com\/?p=3065#primaryimage"},"image":{"@id":"https:\/\/conchipcanarias.com\/?p=3065#primaryimage"},"thumbnailUrl":"http:\/\/conchipcanarias.com\/wp-content\/uploads\/2018\/04\/DSC_0003-300x203.jpg","datePublished":"2018-04-29T00:00:03+00:00","dateModified":"2018-04-29T00:02:52+00:00","breadcrumb":{"@id":"https:\/\/conchipcanarias.com\/?p=3065#breadcrumb"},"inLanguage":"es","potentialAction":[{"@type":"ReadAction","target":["https:\/\/conchipcanarias.com\/?p=3065"]}]},{"@type":"ImageObject","inLanguage":"es","@id":"https:\/\/conchipcanarias.com\/?p=3065#primaryimage","url":"http:\/\/conchipcanarias.com\/wp-content\/uploads\/2018\/04\/DSC_0003-300x203.jpg","contentUrl":"http:\/\/conchipcanarias.com\/wp-content\/uploads\/2018\/04\/DSC_0003-300x203.jpg"},{"@type":"BreadcrumbList","@id":"https:\/\/conchipcanarias.com\/?p=3065#breadcrumb","itemListElement":[{"@type":"ListItem","position":1,"name":"Portada","item":"https:\/\/conchipcanarias.com\/"},{"@type":"ListItem","position":2,"name":"BREVE RESUMEN CONCHIP CANARIAS SL: VI CIRCULAR LOS CATALANES TRAIL 2018."}]},{"@type":"WebSite","@id":"https:\/\/conchipcanarias.com\/#website","url":"https:\/\/conchipcanarias.com\/","name":"Conchip Canarias S.L","description":"Cronometraje y organizaci&oacute;n de eventos deportivos","publisher":{"@id":"https:\/\/conchipcanarias.com\/#organization"},"potentialAction":[{"@type":"SearchAction","target":{"@type":"EntryPoint","urlTemplate":"https:\/\/conchipcanarias.com\/?s={search_term_string}"},"query-input":{"@type":"PropertyValueSpecification","valueRequired":true,"valueName":"search_term_string"}}],"inLanguage":"es"},{"@type":"Organization","@id":"https:\/\/conchipcanarias.com\/#organization","name":"Conchip Canarias S.L.","url":"https:\/\/conchipcanarias.com\/","logo":{"@type":"ImageObject","inLanguage":"es","@id":"https:\/\/conchipcanarias.com\/#\/schema\/logo\/image\/","url":"http:\/\/conchipcanarias.com\/wp-content\/uploads\/2016\/07\/logo1.png","contentUrl":"http:\/\/conchipcanarias.com\/wp-content\/uploads\/2016\/07\/logo1.png","width":255,"height":255,"caption":"Conchip Canarias S.L."},"image":{"@id":"https:\/\/conchipcanarias.com\/#\/schema\/logo\/image\/"}},{"@type":"Person","@id":"https:\/\/conchipcanarias.com\/#\/schema\/person\/b60e1ca069cbc39080ff46da3c91f2ee","name":"Jorge Sanch\u00eds Montero","url":"https:\/\/conchipcanarias.com\/?author=2"}]}},"_links":{"self":[{"href":"https:\/\/conchipcanarias.com\/index.php?rest_route=\/wp\/v2\/posts\/3065","targetHints":{"allow":["GET"]}}],"collection":[{"href":"https:\/\/conchipcanarias.com\/index.php?rest_route=\/wp\/v2\/posts"}],"about":[{"href":"https:\/\/conchipcanarias.com\/index.php?rest_route=\/wp\/v2\/types\/post"}],"author":[{"embeddable":true,"href":"https:\/\/conchipcanarias.com\/index.php?rest_route=\/wp\/v2\/users\/2"}],"replies":[{"embeddable":true,"href":"https:\/\/conchipcanarias.com\/index.php?rest_route=%2Fwp%2Fv2%2Fcomments&post=3065"}],"version-history":[{"count":1,"href":"https:\/\/conchipcanarias.com\/index.php?rest_route=\/wp\/v2\/posts\/3065\/revisions"}],"predecessor-version":[{"id":3071,"href":"https:\/\/conchipcanarias.com\/index.php?rest_route=\/wp\/v2\/posts\/3065\/revisions\/3071"}],"wp:attachment":[{"href":"https:\/\/conchipcanarias.com\/index.php?rest_route=%2Fwp%2Fv2%2Fmedia&parent=3065"}],"wp:term":[{"taxonomy":"category","embeddable":true,"href":"https:\/\/conchipcanarias.com\/index.php?rest_route=%2Fwp%2Fv2%2Fcategories&post=3065"},{"taxonomy":"post_tag","embeddable":true,"href":"https:\/\/conchipcanarias.com\/index.php?rest_route=%2Fwp%2Fv2%2Ftags&post=3065"}],"curies":[{"name":"wp","href":"https:\/\/api.w.org\/{rel}","templated":true}]}}