{"id":3021,"date":"2018-04-27T19:24:33","date_gmt":"2018-04-27T19:24:33","guid":{"rendered":"http:\/\/conchipcanarias.com\/?p=3021"},"modified":"2018-04-28T22:29:15","modified_gmt":"2018-04-28T22:29:15","slug":"vi-circular-los-catalanes-trail-2018","status":"publish","type":"post","link":"https:\/\/conchipcanarias.com\/?p=3021","title":{"rendered":"VI Circular Los Catalanes Trail 2018."},"content":{"rendered":"<p><span style=\"color: #0000ff;\"><strong><a href=\"https:\/\/conchipcanarias.com\/wp-content\/uploads\/2018\/04\/campesiana.jpg\" rel=\"wpdevart_lightbox\"><img loading=\"lazy\" decoding=\"async\" class=\"wp-image-3026 alignright\" src=\"https:\/\/conchipcanarias.com\/wp-content\/uploads\/2018\/04\/campesiana-212x300.jpg\" alt=\"\" width=\"157\" height=\"222\" srcset=\"https:\/\/conchipcanarias.com\/wp-content\/uploads\/2018\/04\/campesiana-212x300.jpg 212w, https:\/\/conchipcanarias.com\/wp-content\/uploads\/2018\/04\/campesiana-768x1085.jpg 768w, https:\/\/conchipcanarias.com\/wp-content\/uploads\/2018\/04\/campesiana-725x1024.jpg 725w, https:\/\/conchipcanarias.com\/wp-content\/uploads\/2018\/04\/campesiana.jpg 880w\" sizes=\"auto, (max-width: 157px) 100vw, 157px\" \/><\/a>Informaci\u00f3n Catalanes.<\/strong><\/span><\/p>\n<p>Estimado corredor como bien saben en breve empieza la <strong>II Liga Conchip Canarias de carreras de Monta\u00f1a Tenerife 2018<\/strong> en el caser\u00edo de <strong>Los Catalanes<\/strong> como primera prueba puntuable en la liga.<\/p>\n<p>La organizaci\u00f3n nos recuerda que el pr\u00f3ximo<strong> d\u00eda 11 de Abril<\/strong> habr\u00e1 cambio de precio en la inscripci\u00f3n siendo la actual de <strong>15\u20ac pasara a ser de 20\u20ac.<\/strong> Les recordamos que hay un cupo de plazas limitado, dado el acceso y plazas de aparcamiento\u2026<\/p>\n<p>Como bien saben es una liga la cual la forman 6 carreras y en todas competir\u00e1n con la misma categor\u00eda para poder sumar puntos carrera tras carrera, <strong>les rogamos lean el reglamento de la Liga Conchip y el reglamento de cada prueba<\/strong> para que lo tengan todo claro y si tienen dudas pregunten antes de los diferentes eventos.<\/p>\n<p><strong>Entrega de dorsales.<\/strong> La pr\u00f3xima semana les informaremos donde y cuando se realizan, la o las entregas de dorsales.<\/p>\n<p><a href=\"https:\/\/conchipcanarias.com\/wp-content\/uploads\/2018\/04\/runner-bag.jpg\" rel=\"wpdevart_lightbox\"><img loading=\"lazy\" decoding=\"async\" class=\"size-medium wp-image-3022 alignleft\" src=\"https:\/\/conchipcanarias.com\/wp-content\/uploads\/2018\/04\/runner-bag-213x300.jpg\" alt=\"\" width=\"213\" height=\"300\" srcset=\"https:\/\/conchipcanarias.com\/wp-content\/uploads\/2018\/04\/runner-bag-213x300.jpg 213w, https:\/\/conchipcanarias.com\/wp-content\/uploads\/2018\/04\/runner-bag.jpg 707w\" sizes=\"auto, (max-width: 213px) 100vw, 213px\" \/><\/a><strong><span style=\"color: #0000ff;\">Bolsa del Corredor .<\/span><\/strong><\/p>\n<p><strong>La bolsa del corredor est\u00e1 compuesta:<\/strong><\/p>\n<p>Bolsa corredor<\/p>\n<p>Camiseta<\/p>\n<p>Monodosis, gel Relax, Gofio La Molineta y Colnatur.<\/p>\n<p>Clips para colocar el dorsal.<\/p>\n<p><strong>Medalla Finisher:<\/strong> (Abr\u00e1 medalla Finisher para los <strong>150 primeros<\/strong> corredores en cruzar la l\u00ednea de meta).<\/p>\n<p>Para despedir la carrera una vez se entreguen los premios los participantes degustaran una paella para recuperar fuerzas.<\/p>\n<p>&nbsp;<\/p>\n","protected":false},"excerpt":{"rendered":"<p>Informaci\u00f3n Catalanes. Estimado corredor como bien saben en breve empieza la II Liga Conchip Canarias de carreras de Monta\u00f1a Tenerife 2018 en el caser\u00edo de Los Catalanes como primera prueba puntuable en la liga. La organizaci\u00f3n nos recuerda que el pr\u00f3ximo d\u00eda 11 de Abril habr\u00e1 cambio de precio en la inscripci\u00f3n siendo la actual &hellip; <\/p>\n<p><a class=\"more-link btn\" href=\"https:\/\/conchipcanarias.com\/?p=3021\">Seguir leyendo<\/a><\/p>\n","protected":false},"author":2,"featured_media":3023,"comment_status":"closed","ping_status":"closed","sticky":false,"template":"","format":"standard","meta":{"footnotes":""},"categories":[14],"tags":[],"class_list":["post-3021","post","type-post","status-publish","format-standard","has-post-thumbnail","hentry","category-liga","nodate","item-wrap"],"yoast_head":"<!-- This site is optimized with the Yoast SEO plugin v27.5 - https:\/\/yoast.com\/product\/yoast-seo-wordpress\/ -->\n<title>VI Circular Los Catalanes Trail 2018. - Conchip Canarias S.L<\/title>\n<meta name=\"robots\" content=\"index, follow, max-snippet:-1, max-image-preview:large, max-video-preview:-1\" \/>\n<link rel=\"canonical\" href=\"https:\/\/conchipcanarias.com\/?p=3021\" \/>\n<meta property=\"og:locale\" content=\"es_ES\" \/>\n<meta property=\"og:type\" content=\"article\" \/>\n<meta property=\"og:title\" content=\"VI Circular Los Catalanes Trail 2018. - Conchip Canarias S.L\" \/>\n<meta property=\"og:description\" content=\"Informaci\u00f3n Catalanes. Estimado corredor como bien saben en breve empieza la II Liga Conchip Canarias de carreras de Monta\u00f1a Tenerife 2018 en el caser\u00edo de Los Catalanes como primera prueba puntuable en la liga. La organizaci\u00f3n nos recuerda que el pr\u00f3ximo d\u00eda 11 de Abril habr\u00e1 cambio de precio en la inscripci\u00f3n siendo la actual &hellip; Seguir leyendo\" \/>\n<meta property=\"og:url\" content=\"https:\/\/conchipcanarias.com\/?p=3021\" \/>\n<meta property=\"og:site_name\" content=\"Conchip Canarias S.L\" \/>\n<meta property=\"article:published_time\" content=\"2018-04-27T19:24:33+00:00\" \/>\n<meta property=\"article:modified_time\" content=\"2018-04-28T22:29:15+00:00\" \/>\n<meta property=\"og:image\" content=\"https:\/\/conchipcanarias.com\/wp-content\/uploads\/2018\/04\/CABECERAS-e1522783826830.jpg\" \/>\n\t<meta property=\"og:image:width\" content=\"991\" \/>\n\t<meta property=\"og:image:height\" content=\"297\" \/>\n\t<meta property=\"og:image:type\" content=\"image\/jpeg\" \/>\n<meta name=\"author\" content=\"Jorge Sanch\u00eds Montero\" \/>\n<meta name=\"twitter:card\" content=\"summary_large_image\" \/>\n<meta name=\"twitter:label1\" content=\"Escrito por\" \/>\n\t<meta name=\"twitter:data1\" content=\"Jorge Sanch\u00eds Montero\" \/>\n\t<meta name=\"twitter:label2\" content=\"Tiempo de lectura\" \/>\n\t<meta name=\"twitter:data2\" content=\"1 minuto\" \/>\n<script type=\"application\/ld+json\" class=\"yoast-schema-graph\">{\"@context\":\"https:\\\/\\\/schema.org\",\"@graph\":[{\"@type\":\"Article\",\"@id\":\"https:\\\/\\\/conchipcanarias.com\\\/?p=3021#article\",\"isPartOf\":{\"@id\":\"https:\\\/\\\/conchipcanarias.com\\\/?p=3021\"},\"author\":{\"name\":\"Jorge Sanch\u00eds Montero\",\"@id\":\"https:\\\/\\\/conchipcanarias.com\\\/#\\\/schema\\\/person\\\/b60e1ca069cbc39080ff46da3c91f2ee\"},\"headline\":\"VI Circular Los Catalanes Trail 2018.\",\"datePublished\":\"2018-04-27T19:24:33+00:00\",\"dateModified\":\"2018-04-28T22:29:15+00:00\",\"mainEntityOfPage\":{\"@id\":\"https:\\\/\\\/conchipcanarias.com\\\/?p=3021\"},\"wordCount\":225,\"publisher\":{\"@id\":\"https:\\\/\\\/conchipcanarias.com\\\/#organization\"},\"image\":{\"@id\":\"https:\\\/\\\/conchipcanarias.com\\\/?p=3021#primaryimage\"},\"thumbnailUrl\":\"https:\\\/\\\/conchipcanarias.com\\\/wp-content\\\/uploads\\\/2018\\\/04\\\/CABECERAS-e1522783826830.jpg\",\"articleSection\":[\"Liga de monta\u00f1a\"],\"inLanguage\":\"es\"},{\"@type\":\"WebPage\",\"@id\":\"https:\\\/\\\/conchipcanarias.com\\\/?p=3021\",\"url\":\"https:\\\/\\\/conchipcanarias.com\\\/?p=3021\",\"name\":\"VI Circular Los Catalanes Trail 2018. - Conchip Canarias S.L\",\"isPartOf\":{\"@id\":\"https:\\\/\\\/conchipcanarias.com\\\/#website\"},\"primaryImageOfPage\":{\"@id\":\"https:\\\/\\\/conchipcanarias.com\\\/?p=3021#primaryimage\"},\"image\":{\"@id\":\"https:\\\/\\\/conchipcanarias.com\\\/?p=3021#primaryimage\"},\"thumbnailUrl\":\"https:\\\/\\\/conchipcanarias.com\\\/wp-content\\\/uploads\\\/2018\\\/04\\\/CABECERAS-e1522783826830.jpg\",\"datePublished\":\"2018-04-27T19:24:33+00:00\",\"dateModified\":\"2018-04-28T22:29:15+00:00\",\"breadcrumb\":{\"@id\":\"https:\\\/\\\/conchipcanarias.com\\\/?p=3021#breadcrumb\"},\"inLanguage\":\"es\",\"potentialAction\":[{\"@type\":\"ReadAction\",\"target\":[\"https:\\\/\\\/conchipcanarias.com\\\/?p=3021\"]}]},{\"@type\":\"ImageObject\",\"inLanguage\":\"es\",\"@id\":\"https:\\\/\\\/conchipcanarias.com\\\/?p=3021#primaryimage\",\"url\":\"https:\\\/\\\/conchipcanarias.com\\\/wp-content\\\/uploads\\\/2018\\\/04\\\/CABECERAS-e1522783826830.jpg\",\"contentUrl\":\"https:\\\/\\\/conchipcanarias.com\\\/wp-content\\\/uploads\\\/2018\\\/04\\\/CABECERAS-e1522783826830.jpg\",\"width\":991,\"height\":297},{\"@type\":\"BreadcrumbList\",\"@id\":\"https:\\\/\\\/conchipcanarias.com\\\/?p=3021#breadcrumb\",\"itemListElement\":[{\"@type\":\"ListItem\",\"position\":1,\"name\":\"Portada\",\"item\":\"https:\\\/\\\/conchipcanarias.com\\\/\"},{\"@type\":\"ListItem\",\"position\":2,\"name\":\"VI Circular Los Catalanes Trail 2018.\"}]},{\"@type\":\"WebSite\",\"@id\":\"https:\\\/\\\/conchipcanarias.com\\\/#website\",\"url\":\"https:\\\/\\\/conchipcanarias.com\\\/\",\"name\":\"Conchip Canarias S.L\",\"description\":\"Cronometraje y organizaci&oacute;n de eventos deportivos\",\"publisher\":{\"@id\":\"https:\\\/\\\/conchipcanarias.com\\\/#organization\"},\"potentialAction\":[{\"@type\":\"SearchAction\",\"target\":{\"@type\":\"EntryPoint\",\"urlTemplate\":\"https:\\\/\\\/conchipcanarias.com\\\/?s={search_term_string}\"},\"query-input\":{\"@type\":\"PropertyValueSpecification\",\"valueRequired\":true,\"valueName\":\"search_term_string\"}}],\"inLanguage\":\"es\"},{\"@type\":\"Organization\",\"@id\":\"https:\\\/\\\/conchipcanarias.com\\\/#organization\",\"name\":\"Conchip Canarias S.L.\",\"url\":\"https:\\\/\\\/conchipcanarias.com\\\/\",\"logo\":{\"@type\":\"ImageObject\",\"inLanguage\":\"es\",\"@id\":\"https:\\\/\\\/conchipcanarias.com\\\/#\\\/schema\\\/logo\\\/image\\\/\",\"url\":\"http:\\\/\\\/conchipcanarias.com\\\/wp-content\\\/uploads\\\/2016\\\/07\\\/logo1.png\",\"contentUrl\":\"http:\\\/\\\/conchipcanarias.com\\\/wp-content\\\/uploads\\\/2016\\\/07\\\/logo1.png\",\"width\":255,\"height\":255,\"caption\":\"Conchip Canarias S.L.\"},\"image\":{\"@id\":\"https:\\\/\\\/conchipcanarias.com\\\/#\\\/schema\\\/logo\\\/image\\\/\"}},{\"@type\":\"Person\",\"@id\":\"https:\\\/\\\/conchipcanarias.com\\\/#\\\/schema\\\/person\\\/b60e1ca069cbc39080ff46da3c91f2ee\",\"name\":\"Jorge Sanch\u00eds Montero\",\"url\":\"https:\\\/\\\/conchipcanarias.com\\\/?author=2\"}]}<\/script>\n<!-- \/ Yoast SEO plugin. -->","yoast_head_json":{"title":"VI Circular Los Catalanes Trail 2018. - Conchip Canarias S.L","robots":{"index":"index","follow":"follow","max-snippet":"max-snippet:-1","max-image-preview":"max-image-preview:large","max-video-preview":"max-video-preview:-1"},"canonical":"https:\/\/conchipcanarias.com\/?p=3021","og_locale":"es_ES","og_type":"article","og_title":"VI Circular Los Catalanes Trail 2018. - Conchip Canarias S.L","og_description":"Informaci\u00f3n Catalanes. Estimado corredor como bien saben en breve empieza la II Liga Conchip Canarias de carreras de Monta\u00f1a Tenerife 2018 en el caser\u00edo de Los Catalanes como primera prueba puntuable en la liga. La organizaci\u00f3n nos recuerda que el pr\u00f3ximo d\u00eda 11 de Abril habr\u00e1 cambio de precio en la inscripci\u00f3n siendo la actual &hellip; Seguir leyendo","og_url":"https:\/\/conchipcanarias.com\/?p=3021","og_site_name":"Conchip Canarias S.L","article_published_time":"2018-04-27T19:24:33+00:00","article_modified_time":"2018-04-28T22:29:15+00:00","og_image":[{"width":991,"height":297,"url":"https:\/\/conchipcanarias.com\/wp-content\/uploads\/2018\/04\/CABECERAS-e1522783826830.jpg","type":"image\/jpeg"}],"author":"Jorge Sanch\u00eds Montero","twitter_card":"summary_large_image","twitter_misc":{"Escrito por":"Jorge Sanch\u00eds Montero","Tiempo de lectura":"1 minuto"},"schema":{"@context":"https:\/\/schema.org","@graph":[{"@type":"Article","@id":"https:\/\/conchipcanarias.com\/?p=3021#article","isPartOf":{"@id":"https:\/\/conchipcanarias.com\/?p=3021"},"author":{"name":"Jorge Sanch\u00eds Montero","@id":"https:\/\/conchipcanarias.com\/#\/schema\/person\/b60e1ca069cbc39080ff46da3c91f2ee"},"headline":"VI Circular Los Catalanes Trail 2018.","datePublished":"2018-04-27T19:24:33+00:00","dateModified":"2018-04-28T22:29:15+00:00","mainEntityOfPage":{"@id":"https:\/\/conchipcanarias.com\/?p=3021"},"wordCount":225,"publisher":{"@id":"https:\/\/conchipcanarias.com\/#organization"},"image":{"@id":"https:\/\/conchipcanarias.com\/?p=3021#primaryimage"},"thumbnailUrl":"https:\/\/conchipcanarias.com\/wp-content\/uploads\/2018\/04\/CABECERAS-e1522783826830.jpg","articleSection":["Liga de monta\u00f1a"],"inLanguage":"es"},{"@type":"WebPage","@id":"https:\/\/conchipcanarias.com\/?p=3021","url":"https:\/\/conchipcanarias.com\/?p=3021","name":"VI Circular Los Catalanes Trail 2018. - Conchip Canarias S.L","isPartOf":{"@id":"https:\/\/conchipcanarias.com\/#website"},"primaryImageOfPage":{"@id":"https:\/\/conchipcanarias.com\/?p=3021#primaryimage"},"image":{"@id":"https:\/\/conchipcanarias.com\/?p=3021#primaryimage"},"thumbnailUrl":"https:\/\/conchipcanarias.com\/wp-content\/uploads\/2018\/04\/CABECERAS-e1522783826830.jpg","datePublished":"2018-04-27T19:24:33+00:00","dateModified":"2018-04-28T22:29:15+00:00","breadcrumb":{"@id":"https:\/\/conchipcanarias.com\/?p=3021#breadcrumb"},"inLanguage":"es","potentialAction":[{"@type":"ReadAction","target":["https:\/\/conchipcanarias.com\/?p=3021"]}]},{"@type":"ImageObject","inLanguage":"es","@id":"https:\/\/conchipcanarias.com\/?p=3021#primaryimage","url":"https:\/\/conchipcanarias.com\/wp-content\/uploads\/2018\/04\/CABECERAS-e1522783826830.jpg","contentUrl":"https:\/\/conchipcanarias.com\/wp-content\/uploads\/2018\/04\/CABECERAS-e1522783826830.jpg","width":991,"height":297},{"@type":"BreadcrumbList","@id":"https:\/\/conchipcanarias.com\/?p=3021#breadcrumb","itemListElement":[{"@type":"ListItem","position":1,"name":"Portada","item":"https:\/\/conchipcanarias.com\/"},{"@type":"ListItem","position":2,"name":"VI Circular Los Catalanes Trail 2018."}]},{"@type":"WebSite","@id":"https:\/\/conchipcanarias.com\/#website","url":"https:\/\/conchipcanarias.com\/","name":"Conchip Canarias S.L","description":"Cronometraje y organizaci&oacute;n de eventos deportivos","publisher":{"@id":"https:\/\/conchipcanarias.com\/#organization"},"potentialAction":[{"@type":"SearchAction","target":{"@type":"EntryPoint","urlTemplate":"https:\/\/conchipcanarias.com\/?s={search_term_string}"},"query-input":{"@type":"PropertyValueSpecification","valueRequired":true,"valueName":"search_term_string"}}],"inLanguage":"es"},{"@type":"Organization","@id":"https:\/\/conchipcanarias.com\/#organization","name":"Conchip Canarias S.L.","url":"https:\/\/conchipcanarias.com\/","logo":{"@type":"ImageObject","inLanguage":"es","@id":"https:\/\/conchipcanarias.com\/#\/schema\/logo\/image\/","url":"http:\/\/conchipcanarias.com\/wp-content\/uploads\/2016\/07\/logo1.png","contentUrl":"http:\/\/conchipcanarias.com\/wp-content\/uploads\/2016\/07\/logo1.png","width":255,"height":255,"caption":"Conchip Canarias S.L."},"image":{"@id":"https:\/\/conchipcanarias.com\/#\/schema\/logo\/image\/"}},{"@type":"Person","@id":"https:\/\/conchipcanarias.com\/#\/schema\/person\/b60e1ca069cbc39080ff46da3c91f2ee","name":"Jorge Sanch\u00eds Montero","url":"https:\/\/conchipcanarias.com\/?author=2"}]}},"_links":{"self":[{"href":"https:\/\/conchipcanarias.com\/index.php?rest_route=\/wp\/v2\/posts\/3021","targetHints":{"allow":["GET"]}}],"collection":[{"href":"https:\/\/conchipcanarias.com\/index.php?rest_route=\/wp\/v2\/posts"}],"about":[{"href":"https:\/\/conchipcanarias.com\/index.php?rest_route=\/wp\/v2\/types\/post"}],"author":[{"embeddable":true,"href":"https:\/\/conchipcanarias.com\/index.php?rest_route=\/wp\/v2\/users\/2"}],"replies":[{"embeddable":true,"href":"https:\/\/conchipcanarias.com\/index.php?rest_route=%2Fwp%2Fv2%2Fcomments&post=3021"}],"version-history":[{"count":3,"href":"https:\/\/conchipcanarias.com\/index.php?rest_route=\/wp\/v2\/posts\/3021\/revisions"}],"predecessor-version":[{"id":3028,"href":"https:\/\/conchipcanarias.com\/index.php?rest_route=\/wp\/v2\/posts\/3021\/revisions\/3028"}],"wp:featuredmedia":[{"embeddable":true,"href":"https:\/\/conchipcanarias.com\/index.php?rest_route=\/wp\/v2\/media\/3023"}],"wp:attachment":[{"href":"https:\/\/conchipcanarias.com\/index.php?rest_route=%2Fwp%2Fv2%2Fmedia&parent=3021"}],"wp:term":[{"taxonomy":"category","embeddable":true,"href":"https:\/\/conchipcanarias.com\/index.php?rest_route=%2Fwp%2Fv2%2Fcategories&post=3021"},{"taxonomy":"post_tag","embeddable":true,"href":"https:\/\/conchipcanarias.com\/index.php?rest_route=%2Fwp%2Fv2%2Ftags&post=3021"}],"curies":[{"name":"wp","href":"https:\/\/api.w.org\/{rel}","templated":true}]}}