{"id":2957,"date":"2018-03-13T23:14:04","date_gmt":"2018-03-13T23:14:04","guid":{"rendered":"http:\/\/conchipcanarias.com\/?p=2957"},"modified":"2018-03-25T19:02:25","modified_gmt":"2018-03-25T19:02:25","slug":"la-mencey-adeje-2018","status":"publish","type":"post","link":"https:\/\/conchipcanarias.com\/?p=2957","title":{"rendered":"LA MENCEY ADEJE 2018."},"content":{"rendered":"<p><span style=\"color: #ff0000;\"><strong>HORARIOS, ASIGNACI\u00d3N TANDAS SALIDAS Y DORSALES, LA MENCEY ADEJE 2018.<\/strong><\/span><\/p>\n<p>A continuaci\u00f3n detallamos las tandas definitivas y horarios, rogamos revisen porque hemos cambiado los n\u00fameros de dorsales a la gran mayor\u00eda, disculpen las molestias, y en la pr\u00f3xima Mencey lo haremos m\u00e1s f\u00e1cil y ustedes elegir\u00e1n la tanda desde el principio.<\/p>\n<p><strong><span style=\"color: #00ff00;\"><a href=\"https:\/\/conchipcanarias.com\/wp-content\/uploads\/2018\/03\/10k.jpg\" rel=\"wpdevart_lightbox\"><img loading=\"lazy\" decoding=\"async\" class=\" wp-image-2993 alignleft\" src=\"https:\/\/conchipcanarias.com\/wp-content\/uploads\/2018\/03\/10k-213x300.jpg\" alt=\"\" width=\"125\" height=\"176\" srcset=\"https:\/\/conchipcanarias.com\/wp-content\/uploads\/2018\/03\/10k-213x300.jpg 213w, https:\/\/conchipcanarias.com\/wp-content\/uploads\/2018\/03\/10k.jpg 590w\" sizes=\"auto, (max-width: 125px) 100vw, 125px\" \/><\/a>10km<\/span><\/strong><\/p>\n<p><strong>10:00<\/strong> Salida 1 Modalidad Elite: <a href=\"https:\/\/www.dropbox.com\/s\/rcadjtj3p56jv8w\/SALIDA%201_ELITE.pdf?dl=0\">(Pincha Aqu\u00ed)<\/a>;<span style=\"color: #ff0000;\">Tanda Definitiva.<\/span><\/p>\n<p><strong>10:20<\/strong> Salida 2: 10km <a href=\"https:\/\/www.dropbox.com\/s\/nn7hnamxklrqwy9\/SALIDA%202_10KM.pdf?dl=0\">(Pincha Aqu\u00ed)<\/a>;<span style=\"color: #ff0000;\">Tanda Definitiva.<\/span><\/p>\n<p><strong>10:40<\/strong> Salida 3: 10km <a href=\"https:\/\/www.dropbox.com\/s\/pfmpteeulc8flxt\/SALIDA%203_10KM.pdf?dl=0\">(Pincha Aqu\u00ed)<\/a>;\u00a0<span style=\"color: #ff0000;\">Tanda Definitiva.<\/span><\/p>\n<p><strong>11:00<\/strong> Salida 4: 10km <a href=\"https:\/\/www.dropbox.com\/s\/3kpvncobwht9pjh\/SALIDA%204_10KM.pdf?dl=0\">(Pincha Aqu\u00ed)<\/a>;<span style=\"color: #ff0000;\">Tanda Definitiva.<\/span><\/p>\n<p><strong><span style=\"color: #0000ff;\"><a href=\"https:\/\/conchipcanarias.com\/wp-content\/uploads\/2018\/03\/C5ABECERAS.jpg\" rel=\"wpdevart_lightbox\"><img loading=\"lazy\" decoding=\"async\" class=\"wp-image-2992 alignleft\" src=\"https:\/\/conchipcanarias.com\/wp-content\/uploads\/2018\/03\/C5ABECERAS-214x300.jpg\" alt=\"\" width=\"138\" height=\"193\" srcset=\"https:\/\/conchipcanarias.com\/wp-content\/uploads\/2018\/03\/C5ABECERAS-214x300.jpg 214w, https:\/\/conchipcanarias.com\/wp-content\/uploads\/2018\/03\/C5ABECERAS.jpg 590w\" sizes=\"auto, (max-width: 138px) 100vw, 138px\" \/><\/a>5km<\/span><\/strong><\/p>\n<p><strong>11:20<\/strong> Salida 5: 1-5km <a href=\"https:\/\/www.dropbox.com\/s\/b8zkxzp4wwaoj8m\/SALIDA%205_1_5KM.pdf?dl=0\">(Pincha Aqu\u00ed)<\/a>;\u00a0<span style=\"color: #ff0000;\">Tanda Definitiva.<\/span><\/p>\n<p><strong>11:40<\/strong> Salida 6: 2-5km <a href=\"https:\/\/www.dropbox.com\/s\/vto4jybk1j9hjl3\/SALIDA%206_2_5KM.pdf?dl=0\">(Pincha Aqu\u00ed)<\/a>;<span style=\"color: #ff0000;\">Tanda Definitiva.<\/span><\/p>\n<p><strong>12:00<\/strong> Salida 7: 3-5km <a href=\"https:\/\/www.dropbox.com\/s\/hec5rvo6h5azopa\/SALIDA%207_3_5KM.pdf?dl=0\">(Pincha Aqu\u00ed)<\/a>;<span style=\"color: #ff0000;\">Tanda Definitiva.<\/span><\/p>\n<p><strong>12:20<\/strong> Salida 8: 4-5km <a href=\"https:\/\/www.dropbox.com\/s\/bwqtfu9445yzxne\/SALIDA%208_4_5KM.pdf?dl=0\">(Pincha Aqu\u00ed)<\/a>;<span style=\"color: #ff0000;\">Tanda Definitiva.<\/span><\/p>\n<p>&nbsp;<\/p>\n","protected":false},"excerpt":{"rendered":"<p>HORARIOS, ASIGNACI\u00d3N TANDAS SALIDAS Y DORSALES, LA MENCEY ADEJE 2018. A continuaci\u00f3n detallamos las tandas definitivas y horarios, rogamos revisen porque hemos cambiado los n\u00fameros de dorsales a la gran mayor\u00eda, disculpen las molestias, y en la pr\u00f3xima Mencey lo haremos m\u00e1s f\u00e1cil y ustedes elegir\u00e1n la tanda desde el principio. 10km 10:00 Salida 1 &hellip; <\/p>\n<p><a class=\"more-link btn\" href=\"https:\/\/conchipcanarias.com\/?p=2957\">Seguir leyendo<\/a><\/p>\n","protected":false},"author":2,"featured_media":2963,"comment_status":"closed","ping_status":"closed","sticky":false,"template":"","format":"standard","meta":{"footnotes":""},"categories":[1],"tags":[],"class_list":["post-2957","post","type-post","status-publish","format-standard","has-post-thumbnail","hentry","category-noticias","nodate","item-wrap"],"yoast_head":"<!-- This site is optimized with the Yoast SEO plugin v27.5 - https:\/\/yoast.com\/product\/yoast-seo-wordpress\/ -->\n<title>LA MENCEY ADEJE 2018. - Conchip Canarias S.L<\/title>\n<meta name=\"robots\" content=\"index, follow, max-snippet:-1, max-image-preview:large, max-video-preview:-1\" \/>\n<link rel=\"canonical\" href=\"https:\/\/conchipcanarias.com\/?p=2957\" \/>\n<meta property=\"og:locale\" content=\"es_ES\" \/>\n<meta property=\"og:type\" content=\"article\" \/>\n<meta property=\"og:title\" content=\"LA MENCEY ADEJE 2018. - Conchip Canarias S.L\" \/>\n<meta property=\"og:description\" content=\"HORARIOS, ASIGNACI\u00d3N TANDAS SALIDAS Y DORSALES, LA MENCEY ADEJE 2018. A continuaci\u00f3n detallamos las tandas definitivas y horarios, rogamos revisen porque hemos cambiado los n\u00fameros de dorsales a la gran mayor\u00eda, disculpen las molestias, y en la pr\u00f3xima Mencey lo haremos m\u00e1s f\u00e1cil y ustedes elegir\u00e1n la tanda desde el principio. 10km 10:00 Salida 1 &hellip; Seguir leyendo\" \/>\n<meta property=\"og:url\" content=\"https:\/\/conchipcanarias.com\/?p=2957\" \/>\n<meta property=\"og:site_name\" content=\"Conchip Canarias S.L\" \/>\n<meta property=\"article:published_time\" content=\"2018-03-13T23:14:04+00:00\" \/>\n<meta property=\"article:modified_time\" content=\"2018-03-25T19:02:25+00:00\" \/>\n<meta property=\"og:image\" content=\"https:\/\/conchipcanarias.com\/wp-content\/uploads\/2018\/03\/CABECERAS-4-1024x303.jpg\" \/>\n\t<meta property=\"og:image:width\" content=\"1024\" \/>\n\t<meta property=\"og:image:height\" content=\"303\" \/>\n\t<meta property=\"og:image:type\" content=\"image\/jpeg\" \/>\n<meta name=\"author\" content=\"Jorge Sanch\u00eds Montero\" \/>\n<meta name=\"twitter:card\" content=\"summary_large_image\" \/>\n<meta name=\"twitter:label1\" content=\"Escrito por\" \/>\n\t<meta name=\"twitter:data1\" content=\"Jorge Sanch\u00eds Montero\" \/>\n\t<meta name=\"twitter:label2\" content=\"Tiempo de lectura\" \/>\n\t<meta name=\"twitter:data2\" content=\"1 minuto\" \/>\n<script type=\"application\/ld+json\" class=\"yoast-schema-graph\">{\"@context\":\"https:\\\/\\\/schema.org\",\"@graph\":[{\"@type\":\"Article\",\"@id\":\"https:\\\/\\\/conchipcanarias.com\\\/?p=2957#article\",\"isPartOf\":{\"@id\":\"https:\\\/\\\/conchipcanarias.com\\\/?p=2957\"},\"author\":{\"name\":\"Jorge Sanch\u00eds Montero\",\"@id\":\"https:\\\/\\\/conchipcanarias.com\\\/#\\\/schema\\\/person\\\/b60e1ca069cbc39080ff46da3c91f2ee\"},\"headline\":\"LA MENCEY ADEJE 2018.\",\"datePublished\":\"2018-03-13T23:14:04+00:00\",\"dateModified\":\"2018-03-25T19:02:25+00:00\",\"mainEntityOfPage\":{\"@id\":\"https:\\\/\\\/conchipcanarias.com\\\/?p=2957\"},\"wordCount\":117,\"publisher\":{\"@id\":\"https:\\\/\\\/conchipcanarias.com\\\/#organization\"},\"image\":{\"@id\":\"https:\\\/\\\/conchipcanarias.com\\\/?p=2957#primaryimage\"},\"thumbnailUrl\":\"https:\\\/\\\/conchipcanarias.com\\\/wp-content\\\/uploads\\\/2018\\\/03\\\/CABECERAS-4.jpg\",\"articleSection\":[\"Noticias\"],\"inLanguage\":\"es\"},{\"@type\":\"WebPage\",\"@id\":\"https:\\\/\\\/conchipcanarias.com\\\/?p=2957\",\"url\":\"https:\\\/\\\/conchipcanarias.com\\\/?p=2957\",\"name\":\"LA MENCEY ADEJE 2018. - Conchip Canarias S.L\",\"isPartOf\":{\"@id\":\"https:\\\/\\\/conchipcanarias.com\\\/#website\"},\"primaryImageOfPage\":{\"@id\":\"https:\\\/\\\/conchipcanarias.com\\\/?p=2957#primaryimage\"},\"image\":{\"@id\":\"https:\\\/\\\/conchipcanarias.com\\\/?p=2957#primaryimage\"},\"thumbnailUrl\":\"https:\\\/\\\/conchipcanarias.com\\\/wp-content\\\/uploads\\\/2018\\\/03\\\/CABECERAS-4.jpg\",\"datePublished\":\"2018-03-13T23:14:04+00:00\",\"dateModified\":\"2018-03-25T19:02:25+00:00\",\"breadcrumb\":{\"@id\":\"https:\\\/\\\/conchipcanarias.com\\\/?p=2957#breadcrumb\"},\"inLanguage\":\"es\",\"potentialAction\":[{\"@type\":\"ReadAction\",\"target\":[\"https:\\\/\\\/conchipcanarias.com\\\/?p=2957\"]}]},{\"@type\":\"ImageObject\",\"inLanguage\":\"es\",\"@id\":\"https:\\\/\\\/conchipcanarias.com\\\/?p=2957#primaryimage\",\"url\":\"https:\\\/\\\/conchipcanarias.com\\\/wp-content\\\/uploads\\\/2018\\\/03\\\/CABECERAS-4.jpg\",\"contentUrl\":\"https:\\\/\\\/conchipcanarias.com\\\/wp-content\\\/uploads\\\/2018\\\/03\\\/CABECERAS-4.jpg\",\"width\":4011,\"height\":1187},{\"@type\":\"BreadcrumbList\",\"@id\":\"https:\\\/\\\/conchipcanarias.com\\\/?p=2957#breadcrumb\",\"itemListElement\":[{\"@type\":\"ListItem\",\"position\":1,\"name\":\"Portada\",\"item\":\"https:\\\/\\\/conchipcanarias.com\\\/\"},{\"@type\":\"ListItem\",\"position\":2,\"name\":\"LA MENCEY ADEJE 2018.\"}]},{\"@type\":\"WebSite\",\"@id\":\"https:\\\/\\\/conchipcanarias.com\\\/#website\",\"url\":\"https:\\\/\\\/conchipcanarias.com\\\/\",\"name\":\"Conchip Canarias S.L\",\"description\":\"Cronometraje y organizaci&oacute;n de eventos deportivos\",\"publisher\":{\"@id\":\"https:\\\/\\\/conchipcanarias.com\\\/#organization\"},\"potentialAction\":[{\"@type\":\"SearchAction\",\"target\":{\"@type\":\"EntryPoint\",\"urlTemplate\":\"https:\\\/\\\/conchipcanarias.com\\\/?s={search_term_string}\"},\"query-input\":{\"@type\":\"PropertyValueSpecification\",\"valueRequired\":true,\"valueName\":\"search_term_string\"}}],\"inLanguage\":\"es\"},{\"@type\":\"Organization\",\"@id\":\"https:\\\/\\\/conchipcanarias.com\\\/#organization\",\"name\":\"Conchip Canarias S.L.\",\"url\":\"https:\\\/\\\/conchipcanarias.com\\\/\",\"logo\":{\"@type\":\"ImageObject\",\"inLanguage\":\"es\",\"@id\":\"https:\\\/\\\/conchipcanarias.com\\\/#\\\/schema\\\/logo\\\/image\\\/\",\"url\":\"http:\\\/\\\/conchipcanarias.com\\\/wp-content\\\/uploads\\\/2016\\\/07\\\/logo1.png\",\"contentUrl\":\"http:\\\/\\\/conchipcanarias.com\\\/wp-content\\\/uploads\\\/2016\\\/07\\\/logo1.png\",\"width\":255,\"height\":255,\"caption\":\"Conchip Canarias S.L.\"},\"image\":{\"@id\":\"https:\\\/\\\/conchipcanarias.com\\\/#\\\/schema\\\/logo\\\/image\\\/\"}},{\"@type\":\"Person\",\"@id\":\"https:\\\/\\\/conchipcanarias.com\\\/#\\\/schema\\\/person\\\/b60e1ca069cbc39080ff46da3c91f2ee\",\"name\":\"Jorge Sanch\u00eds Montero\",\"url\":\"https:\\\/\\\/conchipcanarias.com\\\/?author=2\"}]}<\/script>\n<!-- \/ Yoast SEO plugin. -->","yoast_head_json":{"title":"LA MENCEY ADEJE 2018. - Conchip Canarias S.L","robots":{"index":"index","follow":"follow","max-snippet":"max-snippet:-1","max-image-preview":"max-image-preview:large","max-video-preview":"max-video-preview:-1"},"canonical":"https:\/\/conchipcanarias.com\/?p=2957","og_locale":"es_ES","og_type":"article","og_title":"LA MENCEY ADEJE 2018. - Conchip Canarias S.L","og_description":"HORARIOS, ASIGNACI\u00d3N TANDAS SALIDAS Y DORSALES, LA MENCEY ADEJE 2018. A continuaci\u00f3n detallamos las tandas definitivas y horarios, rogamos revisen porque hemos cambiado los n\u00fameros de dorsales a la gran mayor\u00eda, disculpen las molestias, y en la pr\u00f3xima Mencey lo haremos m\u00e1s f\u00e1cil y ustedes elegir\u00e1n la tanda desde el principio. 10km 10:00 Salida 1 &hellip; Seguir leyendo","og_url":"https:\/\/conchipcanarias.com\/?p=2957","og_site_name":"Conchip Canarias S.L","article_published_time":"2018-03-13T23:14:04+00:00","article_modified_time":"2018-03-25T19:02:25+00:00","og_image":[{"width":1024,"height":303,"url":"https:\/\/conchipcanarias.com\/wp-content\/uploads\/2018\/03\/CABECERAS-4-1024x303.jpg","type":"image\/jpeg"}],"author":"Jorge Sanch\u00eds Montero","twitter_card":"summary_large_image","twitter_misc":{"Escrito por":"Jorge Sanch\u00eds Montero","Tiempo de lectura":"1 minuto"},"schema":{"@context":"https:\/\/schema.org","@graph":[{"@type":"Article","@id":"https:\/\/conchipcanarias.com\/?p=2957#article","isPartOf":{"@id":"https:\/\/conchipcanarias.com\/?p=2957"},"author":{"name":"Jorge Sanch\u00eds Montero","@id":"https:\/\/conchipcanarias.com\/#\/schema\/person\/b60e1ca069cbc39080ff46da3c91f2ee"},"headline":"LA MENCEY ADEJE 2018.","datePublished":"2018-03-13T23:14:04+00:00","dateModified":"2018-03-25T19:02:25+00:00","mainEntityOfPage":{"@id":"https:\/\/conchipcanarias.com\/?p=2957"},"wordCount":117,"publisher":{"@id":"https:\/\/conchipcanarias.com\/#organization"},"image":{"@id":"https:\/\/conchipcanarias.com\/?p=2957#primaryimage"},"thumbnailUrl":"https:\/\/conchipcanarias.com\/wp-content\/uploads\/2018\/03\/CABECERAS-4.jpg","articleSection":["Noticias"],"inLanguage":"es"},{"@type":"WebPage","@id":"https:\/\/conchipcanarias.com\/?p=2957","url":"https:\/\/conchipcanarias.com\/?p=2957","name":"LA MENCEY ADEJE 2018. - Conchip Canarias S.L","isPartOf":{"@id":"https:\/\/conchipcanarias.com\/#website"},"primaryImageOfPage":{"@id":"https:\/\/conchipcanarias.com\/?p=2957#primaryimage"},"image":{"@id":"https:\/\/conchipcanarias.com\/?p=2957#primaryimage"},"thumbnailUrl":"https:\/\/conchipcanarias.com\/wp-content\/uploads\/2018\/03\/CABECERAS-4.jpg","datePublished":"2018-03-13T23:14:04+00:00","dateModified":"2018-03-25T19:02:25+00:00","breadcrumb":{"@id":"https:\/\/conchipcanarias.com\/?p=2957#breadcrumb"},"inLanguage":"es","potentialAction":[{"@type":"ReadAction","target":["https:\/\/conchipcanarias.com\/?p=2957"]}]},{"@type":"ImageObject","inLanguage":"es","@id":"https:\/\/conchipcanarias.com\/?p=2957#primaryimage","url":"https:\/\/conchipcanarias.com\/wp-content\/uploads\/2018\/03\/CABECERAS-4.jpg","contentUrl":"https:\/\/conchipcanarias.com\/wp-content\/uploads\/2018\/03\/CABECERAS-4.jpg","width":4011,"height":1187},{"@type":"BreadcrumbList","@id":"https:\/\/conchipcanarias.com\/?p=2957#breadcrumb","itemListElement":[{"@type":"ListItem","position":1,"name":"Portada","item":"https:\/\/conchipcanarias.com\/"},{"@type":"ListItem","position":2,"name":"LA MENCEY ADEJE 2018."}]},{"@type":"WebSite","@id":"https:\/\/conchipcanarias.com\/#website","url":"https:\/\/conchipcanarias.com\/","name":"Conchip Canarias S.L","description":"Cronometraje y organizaci&oacute;n de eventos deportivos","publisher":{"@id":"https:\/\/conchipcanarias.com\/#organization"},"potentialAction":[{"@type":"SearchAction","target":{"@type":"EntryPoint","urlTemplate":"https:\/\/conchipcanarias.com\/?s={search_term_string}"},"query-input":{"@type":"PropertyValueSpecification","valueRequired":true,"valueName":"search_term_string"}}],"inLanguage":"es"},{"@type":"Organization","@id":"https:\/\/conchipcanarias.com\/#organization","name":"Conchip Canarias S.L.","url":"https:\/\/conchipcanarias.com\/","logo":{"@type":"ImageObject","inLanguage":"es","@id":"https:\/\/conchipcanarias.com\/#\/schema\/logo\/image\/","url":"http:\/\/conchipcanarias.com\/wp-content\/uploads\/2016\/07\/logo1.png","contentUrl":"http:\/\/conchipcanarias.com\/wp-content\/uploads\/2016\/07\/logo1.png","width":255,"height":255,"caption":"Conchip Canarias S.L."},"image":{"@id":"https:\/\/conchipcanarias.com\/#\/schema\/logo\/image\/"}},{"@type":"Person","@id":"https:\/\/conchipcanarias.com\/#\/schema\/person\/b60e1ca069cbc39080ff46da3c91f2ee","name":"Jorge Sanch\u00eds Montero","url":"https:\/\/conchipcanarias.com\/?author=2"}]}},"_links":{"self":[{"href":"https:\/\/conchipcanarias.com\/index.php?rest_route=\/wp\/v2\/posts\/2957","targetHints":{"allow":["GET"]}}],"collection":[{"href":"https:\/\/conchipcanarias.com\/index.php?rest_route=\/wp\/v2\/posts"}],"about":[{"href":"https:\/\/conchipcanarias.com\/index.php?rest_route=\/wp\/v2\/types\/post"}],"author":[{"embeddable":true,"href":"https:\/\/conchipcanarias.com\/index.php?rest_route=\/wp\/v2\/users\/2"}],"replies":[{"embeddable":true,"href":"https:\/\/conchipcanarias.com\/index.php?rest_route=%2Fwp%2Fv2%2Fcomments&post=2957"}],"version-history":[{"count":17,"href":"https:\/\/conchipcanarias.com\/index.php?rest_route=\/wp\/v2\/posts\/2957\/revisions"}],"predecessor-version":[{"id":2996,"href":"https:\/\/conchipcanarias.com\/index.php?rest_route=\/wp\/v2\/posts\/2957\/revisions\/2996"}],"wp:featuredmedia":[{"embeddable":true,"href":"https:\/\/conchipcanarias.com\/index.php?rest_route=\/wp\/v2\/media\/2963"}],"wp:attachment":[{"href":"https:\/\/conchipcanarias.com\/index.php?rest_route=%2Fwp%2Fv2%2Fmedia&parent=2957"}],"wp:term":[{"taxonomy":"category","embeddable":true,"href":"https:\/\/conchipcanarias.com\/index.php?rest_route=%2Fwp%2Fv2%2Fcategories&post=2957"},{"taxonomy":"post_tag","embeddable":true,"href":"https:\/\/conchipcanarias.com\/index.php?rest_route=%2Fwp%2Fv2%2Ftags&post=2957"}],"curies":[{"name":"wp","href":"https:\/\/api.w.org\/{rel}","templated":true}]}}