{"id":2806,"date":"2018-01-22T16:39:17","date_gmt":"2018-01-22T16:39:17","guid":{"rendered":"http:\/\/conchipcanarias.com\/?p=2806"},"modified":"2018-01-22T16:41:23","modified_gmt":"2018-01-22T16:41:23","slug":"cierre-inscripciones-entrega-dorsales-iii-carera-nocturna-la-caleta-adeje-2018","status":"publish","type":"post","link":"https:\/\/conchipcanarias.com\/?p=2806","title":{"rendered":"CIERRE DE INSCRIPCIONES Y ENTREGA DE DORSALES, \u00a0III CARERA NOCTURNA LA CALETA DE ADEJE 2018."},"content":{"rendered":"<p><span style=\"color: #0000ff;\"><a href=\"https:\/\/conchipcanarias.com\/wp-content\/uploads\/2018\/01\/1986_cartel.jpg\" rel=\"wpdevart_lightbox\"><img loading=\"lazy\" decoding=\"async\" class=\"size-medium wp-image-2807 alignleft\" src=\"https:\/\/conchipcanarias.com\/wp-content\/uploads\/2018\/01\/1986_cartel-190x300.jpg\" alt=\"\" width=\"190\" height=\"300\" srcset=\"https:\/\/conchipcanarias.com\/wp-content\/uploads\/2018\/01\/1986_cartel-190x300.jpg 190w, https:\/\/conchipcanarias.com\/wp-content\/uploads\/2018\/01\/1986_cartel-768x1211.jpg 768w, https:\/\/conchipcanarias.com\/wp-content\/uploads\/2018\/01\/1986_cartel-649x1024.jpg 649w, https:\/\/conchipcanarias.com\/wp-content\/uploads\/2018\/01\/1986_cartel.jpg 877w\" sizes=\"auto, (max-width: 190px) 100vw, 190px\" \/><\/a>Nuevo r\u00e9cord de inscritos\u2026<\/span><\/p>\n<p>El pr\u00f3ximo s\u00e1bado d\u00eda<strong> 27 de enero desde las 18:00 a las 21:00<\/strong>\u00a0dar\u00e1 comienzo a la tercera \u00a0edici\u00f3n de la <strong>carrera nocturna La Caleta de Adeje 2018<\/strong>, prueba que est\u00e1 organizada por la <strong>Asociaci\u00f3n de Vecinos\u00a0 La Caleta de Adeje 2018,<\/strong> con la colaboraci\u00f3n del <strong>\u00a0CD Vallivana y Conchip Canarias SL.<\/strong> La prueba esta incluida en el calendario de la<strong> Federaci\u00f3n insular de atletismo<\/strong> y adem\u00e1s es la segunda carrera puntuable en el<strong> III Circuito 5km Conchip canarias de carreras en ruta Tenerife 2018.<\/strong><\/p>\n<p>Antes de nada en nombre de la organizaci\u00f3n agradecer que se haya vuelto a batir de nuevo el r\u00e9cord de inscritos, mil gracias a tod@s.<\/p>\n<p>A continuaci\u00f3n detallamos informaci\u00f3n por favor lean atentamente.<\/p>\n<p><strong><span style=\"color: #0000ff;\">Cierre de inscripciones:<\/span><\/strong><\/p>\n<p><strong>Ma\u00f1ana martes d\u00eda 23 de enero<\/strong>\u00a0 cerramos inscripciones, <strong>en tiendas: a las 20:00 y en la web Conchip \u00a0Canarias: a las 24:00<\/strong>, no se admitir\u00e1n nuevas inscripciones. En la entrega de dorsales podremos hacer inscripciones a la carrera de confianza solidaria de <strong>2km \u00fanicamente.<\/strong><\/p>\n<p>Lista de inscritos y dorsal asignado, una vez pasadas las inscripciones de las tiendas como es habitual se publicaran los listados <strong>el mi\u00e9rcoles sobre las 21:00 en la web de Conchip canarias en la secci\u00f3n Noticias.<\/strong><\/p>\n<p><strong><span style=\"color: #0000ff;\">Entrega de Dorsales:<\/span><\/strong><\/p>\n<p>Tras petici\u00f3n popular la organizaci\u00f3n podr\u00e1 dos d\u00edas de entrega de dorsales, uno en santa Cruz y otro en Adeje.<\/p>\n<p><span style=\"color: #0000ff;\"><strong>Jueves d\u00eda 25:<\/strong><\/span> <strong>En deportes empate y s\u00f3lo en horario de tarde de 18:00 a 20:00.<\/strong><\/p>\n<p><span style=\"color: #0000ff;\"><strong>Viernes d\u00eda 26:<\/strong><\/span> <strong>En el Centro comercial Gale\u00f3n Outlet en el municipio de Adeje de 18:00 a 21:00.<\/strong><\/p>\n<p>Como bien saben la distancia de 5km es la <strong>segunda carrera puntuable en el III Circuito 5Km Conchip Canarias de carrera en ruta 2018<\/strong>, pueden ver el <strong>reglamento en el siguiente enlace:<\/strong> <a href=\"https:\/\/conchipcanarias.com\/?page_id=1351\">(Pincha Aqu\u00ed)<\/a><\/p>\n<p><strong>Reglamento prueba:\u00a0<\/strong><a href=\"http:\/\/www.conxip.com\/reglamentos\/1984_reglamento.pdf\"><strong>(Pincha Aqu\u00ed)<\/strong><\/a><\/p>\n<p><strong>Colocaci\u00f3n del chip: <a href=\"https:\/\/conchipcanarias.com\/?page_id=843\">(pincha Aqu\u00ed)<\/a>\u00a0 <\/strong><span style=\"color: #ff0000;\"><strong>aquellos que no vayan a a correr o tengan dudas no retiren el chip por favor.<\/strong><\/span><\/p>\n<p>Cualquier duda pueden ponerse en contacto con la organizaci\u00f3n.<\/p>\n<p>Nos vemos el jueves o viernes en la entrega de dorsales.<\/p>\n<p>Suerte a tod@s.<\/p>\n","protected":false},"excerpt":{"rendered":"<p>Nuevo r\u00e9cord de inscritos\u2026 El pr\u00f3ximo s\u00e1bado d\u00eda 27 de enero desde las 18:00 a las 21:00\u00a0dar\u00e1 comienzo a la tercera \u00a0edici\u00f3n de la carrera nocturna La Caleta de Adeje 2018, prueba que est\u00e1 organizada por la Asociaci\u00f3n de Vecinos\u00a0 La Caleta de Adeje 2018, con la colaboraci\u00f3n del \u00a0CD Vallivana y Conchip Canarias SL. &hellip; <\/p>\n<p><a class=\"more-link btn\" href=\"https:\/\/conchipcanarias.com\/?p=2806\">Seguir leyendo<\/a><\/p>\n","protected":false},"author":2,"featured_media":2796,"comment_status":"closed","ping_status":"closed","sticky":false,"template":"","format":"standard","meta":{"footnotes":""},"categories":[12,1],"tags":[],"class_list":["post-2806","post","type-post","status-publish","format-standard","has-post-thumbnail","hentry","category-circuito","category-noticias","nodate","item-wrap"],"yoast_head":"<!-- This site is optimized with the Yoast SEO plugin v27.5 - https:\/\/yoast.com\/product\/yoast-seo-wordpress\/ -->\n<title>CIERRE DE INSCRIPCIONES Y ENTREGA DE DORSALES, \u00a0III CARERA NOCTURNA LA CALETA DE ADEJE 2018. - Conchip Canarias S.L<\/title>\n<meta name=\"robots\" content=\"index, follow, max-snippet:-1, max-image-preview:large, max-video-preview:-1\" \/>\n<link rel=\"canonical\" href=\"https:\/\/conchipcanarias.com\/?p=2806\" \/>\n<meta property=\"og:locale\" content=\"es_ES\" \/>\n<meta property=\"og:type\" content=\"article\" \/>\n<meta property=\"og:title\" content=\"CIERRE DE INSCRIPCIONES Y ENTREGA DE DORSALES, \u00a0III CARERA NOCTURNA LA CALETA DE ADEJE 2018. - Conchip Canarias S.L\" \/>\n<meta property=\"og:description\" content=\"Nuevo r\u00e9cord de inscritos\u2026 El pr\u00f3ximo s\u00e1bado d\u00eda 27 de enero desde las 18:00 a las 21:00\u00a0dar\u00e1 comienzo a la tercera \u00a0edici\u00f3n de la carrera nocturna La Caleta de Adeje 2018, prueba que est\u00e1 organizada por la Asociaci\u00f3n de Vecinos\u00a0 La Caleta de Adeje 2018, con la colaboraci\u00f3n del \u00a0CD Vallivana y Conchip Canarias SL. &hellip; Seguir leyendo\" \/>\n<meta property=\"og:url\" content=\"https:\/\/conchipcanarias.com\/?p=2806\" \/>\n<meta property=\"og:site_name\" content=\"Conchip Canarias S.L\" \/>\n<meta property=\"article:published_time\" content=\"2018-01-22T16:39:17+00:00\" \/>\n<meta property=\"article:modified_time\" content=\"2018-01-22T16:41:23+00:00\" \/>\n<meta property=\"og:image\" content=\"https:\/\/conchipcanarias.com\/wp-content\/uploads\/2018\/01\/cabecera-web-2.jpg\" \/>\n\t<meta property=\"og:image:width\" content=\"4134\" \/>\n\t<meta property=\"og:image:height\" content=\"1182\" \/>\n\t<meta property=\"og:image:type\" content=\"image\/jpeg\" \/>\n<meta name=\"author\" content=\"Jorge Sanch\u00eds Montero\" \/>\n<meta name=\"twitter:card\" content=\"summary_large_image\" \/>\n<meta name=\"twitter:label1\" content=\"Escrito por\" \/>\n\t<meta name=\"twitter:data1\" content=\"Jorge Sanch\u00eds Montero\" \/>\n\t<meta name=\"twitter:label2\" content=\"Tiempo de lectura\" \/>\n\t<meta name=\"twitter:data2\" content=\"2 minutos\" \/>\n<script type=\"application\/ld+json\" class=\"yoast-schema-graph\">{\"@context\":\"https:\\\/\\\/schema.org\",\"@graph\":[{\"@type\":\"Article\",\"@id\":\"https:\\\/\\\/conchipcanarias.com\\\/?p=2806#article\",\"isPartOf\":{\"@id\":\"https:\\\/\\\/conchipcanarias.com\\\/?p=2806\"},\"author\":{\"name\":\"Jorge Sanch\u00eds Montero\",\"@id\":\"https:\\\/\\\/conchipcanarias.com\\\/#\\\/schema\\\/person\\\/b60e1ca069cbc39080ff46da3c91f2ee\"},\"headline\":\"CIERRE DE INSCRIPCIONES Y ENTREGA DE DORSALES, \u00a0III CARERA NOCTURNA LA CALETA DE ADEJE 2018.\",\"datePublished\":\"2018-01-22T16:39:17+00:00\",\"dateModified\":\"2018-01-22T16:41:23+00:00\",\"mainEntityOfPage\":{\"@id\":\"https:\\\/\\\/conchipcanarias.com\\\/?p=2806\"},\"wordCount\":370,\"publisher\":{\"@id\":\"https:\\\/\\\/conchipcanarias.com\\\/#organization\"},\"image\":{\"@id\":\"https:\\\/\\\/conchipcanarias.com\\\/?p=2806#primaryimage\"},\"thumbnailUrl\":\"https:\\\/\\\/conchipcanarias.com\\\/wp-content\\\/uploads\\\/2018\\\/01\\\/cabecera-web-2.jpg\",\"articleSection\":[\"Circuito\",\"Noticias\"],\"inLanguage\":\"es\"},{\"@type\":\"WebPage\",\"@id\":\"https:\\\/\\\/conchipcanarias.com\\\/?p=2806\",\"url\":\"https:\\\/\\\/conchipcanarias.com\\\/?p=2806\",\"name\":\"CIERRE DE INSCRIPCIONES Y ENTREGA DE DORSALES, \u00a0III CARERA NOCTURNA LA CALETA DE ADEJE 2018. - Conchip Canarias S.L\",\"isPartOf\":{\"@id\":\"https:\\\/\\\/conchipcanarias.com\\\/#website\"},\"primaryImageOfPage\":{\"@id\":\"https:\\\/\\\/conchipcanarias.com\\\/?p=2806#primaryimage\"},\"image\":{\"@id\":\"https:\\\/\\\/conchipcanarias.com\\\/?p=2806#primaryimage\"},\"thumbnailUrl\":\"https:\\\/\\\/conchipcanarias.com\\\/wp-content\\\/uploads\\\/2018\\\/01\\\/cabecera-web-2.jpg\",\"datePublished\":\"2018-01-22T16:39:17+00:00\",\"dateModified\":\"2018-01-22T16:41:23+00:00\",\"breadcrumb\":{\"@id\":\"https:\\\/\\\/conchipcanarias.com\\\/?p=2806#breadcrumb\"},\"inLanguage\":\"es\",\"potentialAction\":[{\"@type\":\"ReadAction\",\"target\":[\"https:\\\/\\\/conchipcanarias.com\\\/?p=2806\"]}]},{\"@type\":\"ImageObject\",\"inLanguage\":\"es\",\"@id\":\"https:\\\/\\\/conchipcanarias.com\\\/?p=2806#primaryimage\",\"url\":\"https:\\\/\\\/conchipcanarias.com\\\/wp-content\\\/uploads\\\/2018\\\/01\\\/cabecera-web-2.jpg\",\"contentUrl\":\"https:\\\/\\\/conchipcanarias.com\\\/wp-content\\\/uploads\\\/2018\\\/01\\\/cabecera-web-2.jpg\",\"width\":4134,\"height\":1182},{\"@type\":\"BreadcrumbList\",\"@id\":\"https:\\\/\\\/conchipcanarias.com\\\/?p=2806#breadcrumb\",\"itemListElement\":[{\"@type\":\"ListItem\",\"position\":1,\"name\":\"Portada\",\"item\":\"https:\\\/\\\/conchipcanarias.com\\\/\"},{\"@type\":\"ListItem\",\"position\":2,\"name\":\"CIERRE DE INSCRIPCIONES Y ENTREGA DE DORSALES, \u00a0III CARERA NOCTURNA LA CALETA DE ADEJE 2018.\"}]},{\"@type\":\"WebSite\",\"@id\":\"https:\\\/\\\/conchipcanarias.com\\\/#website\",\"url\":\"https:\\\/\\\/conchipcanarias.com\\\/\",\"name\":\"Conchip Canarias S.L\",\"description\":\"Cronometraje y organizaci&oacute;n de eventos deportivos\",\"publisher\":{\"@id\":\"https:\\\/\\\/conchipcanarias.com\\\/#organization\"},\"potentialAction\":[{\"@type\":\"SearchAction\",\"target\":{\"@type\":\"EntryPoint\",\"urlTemplate\":\"https:\\\/\\\/conchipcanarias.com\\\/?s={search_term_string}\"},\"query-input\":{\"@type\":\"PropertyValueSpecification\",\"valueRequired\":true,\"valueName\":\"search_term_string\"}}],\"inLanguage\":\"es\"},{\"@type\":\"Organization\",\"@id\":\"https:\\\/\\\/conchipcanarias.com\\\/#organization\",\"name\":\"Conchip Canarias S.L.\",\"url\":\"https:\\\/\\\/conchipcanarias.com\\\/\",\"logo\":{\"@type\":\"ImageObject\",\"inLanguage\":\"es\",\"@id\":\"https:\\\/\\\/conchipcanarias.com\\\/#\\\/schema\\\/logo\\\/image\\\/\",\"url\":\"http:\\\/\\\/conchipcanarias.com\\\/wp-content\\\/uploads\\\/2016\\\/07\\\/logo1.png\",\"contentUrl\":\"http:\\\/\\\/conchipcanarias.com\\\/wp-content\\\/uploads\\\/2016\\\/07\\\/logo1.png\",\"width\":255,\"height\":255,\"caption\":\"Conchip Canarias S.L.\"},\"image\":{\"@id\":\"https:\\\/\\\/conchipcanarias.com\\\/#\\\/schema\\\/logo\\\/image\\\/\"}},{\"@type\":\"Person\",\"@id\":\"https:\\\/\\\/conchipcanarias.com\\\/#\\\/schema\\\/person\\\/b60e1ca069cbc39080ff46da3c91f2ee\",\"name\":\"Jorge Sanch\u00eds Montero\",\"url\":\"https:\\\/\\\/conchipcanarias.com\\\/?author=2\"}]}<\/script>\n<!-- \/ Yoast SEO plugin. -->","yoast_head_json":{"title":"CIERRE DE INSCRIPCIONES Y ENTREGA DE DORSALES, \u00a0III CARERA NOCTURNA LA CALETA DE ADEJE 2018. - Conchip Canarias S.L","robots":{"index":"index","follow":"follow","max-snippet":"max-snippet:-1","max-image-preview":"max-image-preview:large","max-video-preview":"max-video-preview:-1"},"canonical":"https:\/\/conchipcanarias.com\/?p=2806","og_locale":"es_ES","og_type":"article","og_title":"CIERRE DE INSCRIPCIONES Y ENTREGA DE DORSALES, \u00a0III CARERA NOCTURNA LA CALETA DE ADEJE 2018. - Conchip Canarias S.L","og_description":"Nuevo r\u00e9cord de inscritos\u2026 El pr\u00f3ximo s\u00e1bado d\u00eda 27 de enero desde las 18:00 a las 21:00\u00a0dar\u00e1 comienzo a la tercera \u00a0edici\u00f3n de la carrera nocturna La Caleta de Adeje 2018, prueba que est\u00e1 organizada por la Asociaci\u00f3n de Vecinos\u00a0 La Caleta de Adeje 2018, con la colaboraci\u00f3n del \u00a0CD Vallivana y Conchip Canarias SL. &hellip; Seguir leyendo","og_url":"https:\/\/conchipcanarias.com\/?p=2806","og_site_name":"Conchip Canarias S.L","article_published_time":"2018-01-22T16:39:17+00:00","article_modified_time":"2018-01-22T16:41:23+00:00","og_image":[{"width":4134,"height":1182,"url":"https:\/\/conchipcanarias.com\/wp-content\/uploads\/2018\/01\/cabecera-web-2.jpg","type":"image\/jpeg"}],"author":"Jorge Sanch\u00eds Montero","twitter_card":"summary_large_image","twitter_misc":{"Escrito por":"Jorge Sanch\u00eds Montero","Tiempo de lectura":"2 minutos"},"schema":{"@context":"https:\/\/schema.org","@graph":[{"@type":"Article","@id":"https:\/\/conchipcanarias.com\/?p=2806#article","isPartOf":{"@id":"https:\/\/conchipcanarias.com\/?p=2806"},"author":{"name":"Jorge Sanch\u00eds Montero","@id":"https:\/\/conchipcanarias.com\/#\/schema\/person\/b60e1ca069cbc39080ff46da3c91f2ee"},"headline":"CIERRE DE INSCRIPCIONES Y ENTREGA DE DORSALES, \u00a0III CARERA NOCTURNA LA CALETA DE ADEJE 2018.","datePublished":"2018-01-22T16:39:17+00:00","dateModified":"2018-01-22T16:41:23+00:00","mainEntityOfPage":{"@id":"https:\/\/conchipcanarias.com\/?p=2806"},"wordCount":370,"publisher":{"@id":"https:\/\/conchipcanarias.com\/#organization"},"image":{"@id":"https:\/\/conchipcanarias.com\/?p=2806#primaryimage"},"thumbnailUrl":"https:\/\/conchipcanarias.com\/wp-content\/uploads\/2018\/01\/cabecera-web-2.jpg","articleSection":["Circuito","Noticias"],"inLanguage":"es"},{"@type":"WebPage","@id":"https:\/\/conchipcanarias.com\/?p=2806","url":"https:\/\/conchipcanarias.com\/?p=2806","name":"CIERRE DE INSCRIPCIONES Y ENTREGA DE DORSALES, \u00a0III CARERA NOCTURNA LA CALETA DE ADEJE 2018. - Conchip Canarias S.L","isPartOf":{"@id":"https:\/\/conchipcanarias.com\/#website"},"primaryImageOfPage":{"@id":"https:\/\/conchipcanarias.com\/?p=2806#primaryimage"},"image":{"@id":"https:\/\/conchipcanarias.com\/?p=2806#primaryimage"},"thumbnailUrl":"https:\/\/conchipcanarias.com\/wp-content\/uploads\/2018\/01\/cabecera-web-2.jpg","datePublished":"2018-01-22T16:39:17+00:00","dateModified":"2018-01-22T16:41:23+00:00","breadcrumb":{"@id":"https:\/\/conchipcanarias.com\/?p=2806#breadcrumb"},"inLanguage":"es","potentialAction":[{"@type":"ReadAction","target":["https:\/\/conchipcanarias.com\/?p=2806"]}]},{"@type":"ImageObject","inLanguage":"es","@id":"https:\/\/conchipcanarias.com\/?p=2806#primaryimage","url":"https:\/\/conchipcanarias.com\/wp-content\/uploads\/2018\/01\/cabecera-web-2.jpg","contentUrl":"https:\/\/conchipcanarias.com\/wp-content\/uploads\/2018\/01\/cabecera-web-2.jpg","width":4134,"height":1182},{"@type":"BreadcrumbList","@id":"https:\/\/conchipcanarias.com\/?p=2806#breadcrumb","itemListElement":[{"@type":"ListItem","position":1,"name":"Portada","item":"https:\/\/conchipcanarias.com\/"},{"@type":"ListItem","position":2,"name":"CIERRE DE INSCRIPCIONES Y ENTREGA DE DORSALES, \u00a0III CARERA NOCTURNA LA CALETA DE ADEJE 2018."}]},{"@type":"WebSite","@id":"https:\/\/conchipcanarias.com\/#website","url":"https:\/\/conchipcanarias.com\/","name":"Conchip Canarias S.L","description":"Cronometraje y organizaci&oacute;n de eventos deportivos","publisher":{"@id":"https:\/\/conchipcanarias.com\/#organization"},"potentialAction":[{"@type":"SearchAction","target":{"@type":"EntryPoint","urlTemplate":"https:\/\/conchipcanarias.com\/?s={search_term_string}"},"query-input":{"@type":"PropertyValueSpecification","valueRequired":true,"valueName":"search_term_string"}}],"inLanguage":"es"},{"@type":"Organization","@id":"https:\/\/conchipcanarias.com\/#organization","name":"Conchip Canarias S.L.","url":"https:\/\/conchipcanarias.com\/","logo":{"@type":"ImageObject","inLanguage":"es","@id":"https:\/\/conchipcanarias.com\/#\/schema\/logo\/image\/","url":"http:\/\/conchipcanarias.com\/wp-content\/uploads\/2016\/07\/logo1.png","contentUrl":"http:\/\/conchipcanarias.com\/wp-content\/uploads\/2016\/07\/logo1.png","width":255,"height":255,"caption":"Conchip Canarias S.L."},"image":{"@id":"https:\/\/conchipcanarias.com\/#\/schema\/logo\/image\/"}},{"@type":"Person","@id":"https:\/\/conchipcanarias.com\/#\/schema\/person\/b60e1ca069cbc39080ff46da3c91f2ee","name":"Jorge Sanch\u00eds Montero","url":"https:\/\/conchipcanarias.com\/?author=2"}]}},"_links":{"self":[{"href":"https:\/\/conchipcanarias.com\/index.php?rest_route=\/wp\/v2\/posts\/2806","targetHints":{"allow":["GET"]}}],"collection":[{"href":"https:\/\/conchipcanarias.com\/index.php?rest_route=\/wp\/v2\/posts"}],"about":[{"href":"https:\/\/conchipcanarias.com\/index.php?rest_route=\/wp\/v2\/types\/post"}],"author":[{"embeddable":true,"href":"https:\/\/conchipcanarias.com\/index.php?rest_route=\/wp\/v2\/users\/2"}],"replies":[{"embeddable":true,"href":"https:\/\/conchipcanarias.com\/index.php?rest_route=%2Fwp%2Fv2%2Fcomments&post=2806"}],"version-history":[{"count":2,"href":"https:\/\/conchipcanarias.com\/index.php?rest_route=\/wp\/v2\/posts\/2806\/revisions"}],"predecessor-version":[{"id":2809,"href":"https:\/\/conchipcanarias.com\/index.php?rest_route=\/wp\/v2\/posts\/2806\/revisions\/2809"}],"wp:featuredmedia":[{"embeddable":true,"href":"https:\/\/conchipcanarias.com\/index.php?rest_route=\/wp\/v2\/media\/2796"}],"wp:attachment":[{"href":"https:\/\/conchipcanarias.com\/index.php?rest_route=%2Fwp%2Fv2%2Fmedia&parent=2806"}],"wp:term":[{"taxonomy":"category","embeddable":true,"href":"https:\/\/conchipcanarias.com\/index.php?rest_route=%2Fwp%2Fv2%2Fcategories&post=2806"},{"taxonomy":"post_tag","embeddable":true,"href":"https:\/\/conchipcanarias.com\/index.php?rest_route=%2Fwp%2Fv2%2Ftags&post=2806"}],"curies":[{"name":"wp","href":"https:\/\/api.w.org\/{rel}","templated":true}]}}