{"id":248,"date":"2016-01-31T21:00:00","date_gmt":"2016-01-31T21:00:00","guid":{"rendered":""},"modified":"2016-08-04T10:05:58","modified_gmt":"2016-08-04T10:05:58","slug":"i-nocturna-la-caleta-de-adeje-2016","status":"publish","type":"post","link":"https:\/\/conchipcanarias.com\/?p=248","title":{"rendered":"I Nocturna la Caleta de Adeje 2016."},"content":{"rendered":"<div style=\"clear: both; text-align: center;\"><img loading=\"lazy\" decoding=\"async\" class=\"alignleft size-full wp-image-455\" src=\"https:\/\/conchipcanarias.com\/wp-content\/uploads\/2016\/01\/DSC_0710-1.jpg\" alt=\"DSC_0710\" width=\"200\" height=\"136\" \/><\/div>\n<div><b><span style=\"color: blue;\">Dionisio Guillem y Ver\u00f3nica Rever\u00f3n ganan la primera edici\u00f3n con solvencia.<\/span><\/b><\/div>\n<div><\/div>\n<div>El pasado s\u00e1bado d\u00eda 30 de enero se celebro la primera edici\u00f3n de la carrera nocturna en el municipio sure\u00f1o de la caleta de Adeje. \u00a0La carrera que fue organizada por la Comisi\u00f3n de fiestas La Caleta de Adeje 2016 con la colaboraci\u00f3n del Club Deportivo Vallivana \u00a0tuvo gran \u00e9xito de participaci\u00f3n superando los doscientos participantes, adem\u00e1s fue muy bien acogida por los habitantes de la Caleta que no quisieron perderse el evento y salieron a las calles a animar y ambientar las calles dando el calor a los corredores\/as todos ellos muy animados dando un gran espect\u00e1culo.<\/div>\n<div><\/div>\n<div style=\"clear: both; text-align: center;\"><img loading=\"lazy\" decoding=\"async\" class=\"alignright\" src=\"http:\/\/2.bp.blogspot.com\/-CiQX2k0mKSA\/Vq51gD8nViI\/AAAAAAAAVrk\/f8aZ1csjARQ\/s200\/DSC_0731.JPG\" width=\"200\" height=\"136\" \/><\/div>\n<div>Tras varios meses de trabajo de la Comisi\u00f3n de fiestas que se involucro por completo en la carrera con una gran ilusi\u00f3n, con su presidente Manuel Luis \u00a0art\u00edfice de este gran evento fue el encargado de dirigir a los compa\u00f1eros para que saliera todo a la perfecci\u00f3n. Tras un largo d\u00eda de trabajo se llego a la hora \u201cD\u201d con puntualidad alemana sobre las 20:00 se dio el pistoletazo de salida con los jueces \u00a0que ya en la primera edici\u00f3n la carrera fue incluida en el calendario de la federaci\u00f3n insular de atletismo.<\/div>\n<div><\/div>\n<div>En primera posici\u00f3n llego el corredor de Triabona Dionisio Guillem 32\u201951\u2019\u2019 que marco el ritmo de cabeza desde el principio tirando con ganas, tras el entro Marcos De Luis que este a\u00f1o corre como independiente con un tiempo de 34\u201944\u2019\u2019 y en tercera posici\u00f3n paro el crono con 35\u201902\u2019\u2019 Iulian Patrascu del equipo Chinet Kickboxing.<\/div>\n<div><\/div>\n<div style=\"clear: both; text-align: center;\"><img loading=\"lazy\" decoding=\"async\" class=\"alignleft\" src=\"http:\/\/1.bp.blogspot.com\/-k8eLATTIIO0\/Vq51oFAvpEI\/AAAAAAAAVrs\/Qekq9OVL0Zg\/s200\/DSC_0873.JPG\" width=\"200\" height=\"136\" \/><\/div>\n<div>Al igual que en la categor\u00eda masculina la corredora del Trivalle Restaurante Gula, Ver\u00f3nica Reveron se posiciono en la cabeza de carrera la cual no dejar\u00eda hasta entrar en meta en solitario con un tiempo de 39\u201924\u2019\u2019, seguida de Mar\u00eda Manes del Podistica Termoli que cruzo la l\u00ednea de meta con un tiempo de 43\u201943\u2019\u2019, en tercera posici\u00f3n entro la corredora del 4EmesTrail Almudena Bethencourt con un tiempo de 45\u201921\u2019\u2019.<\/div>\n<div><\/div>\n<div>Tras el termino de la carrera la organizaci\u00f3n brindo una paella para todos los corredores y seg\u00fan el programa de actos a las 21:30 con puntualidad \u00a0se realizo la entrega de premios con todas las categor\u00edas oficiales y adem\u00e1s por la general que aparte del merecido trofeo se llevo un premio especial donado por la Red Renault de Tenerife, el cual consiste en disfrutar de los nuevos modelos del Renault, tambi\u00e9n los corredores pudieron disfrutar de un masaje gratuito donado por la empresa Open Thai Massaje.<\/div>\n<div><\/div>\n<div style=\"clear: both; text-align: center;\"><a style=\"clear: right; float: right; margin-bottom: 1em; margin-left: 1em;\"><img width=\"200\" height=\"135\" border=\"0\" \/><\/a><\/div>\n<div>Agradecer a todos los patrocinadores y al ayto de Adeje por su apoyo y como no a los corredores, en nombre de la Comisi\u00f3n de Fiestas La Caleta de Adeje 2016, much\u00edsimas gracias, esperamos a verles el pr\u00f3ximo a\u00f1o.<\/div>\n<div><\/div>\n<div>Resultados:<\/div>\n<div><a href=\"http:\/\/www.conxip.com\/result.php?IdEvento=1536\">http:\/\/www.conxip.com\/result.php?IdEvento=1536<\/a><\/div>\n<div><\/div>\n<div>Saludos<\/div>\n","protected":false},"excerpt":{"rendered":"<p>Dionisio Guillem y Ver\u00f3nica Rever\u00f3n ganan la primera edici\u00f3n con solvencia. El pasado s\u00e1bado d\u00eda 30 de enero se celebro la primera edici\u00f3n de la carrera nocturna en el municipio sure\u00f1o de la caleta de Adeje. \u00a0La carrera que fue organizada por la Comisi\u00f3n de fiestas La Caleta de Adeje 2016 con la colaboraci\u00f3n del &hellip; <\/p>\n<p><a class=\"more-link btn\" href=\"https:\/\/conchipcanarias.com\/?p=248\">Seguir leyendo<\/a><\/p>\n","protected":false},"author":2,"featured_media":0,"comment_status":"closed","ping_status":"closed","sticky":false,"template":"","format":"standard","meta":{"footnotes":""},"categories":[1],"tags":[],"class_list":["post-248","post","type-post","status-publish","format-standard","hentry","category-noticias","nodate","item-wrap"],"yoast_head":"<!-- This site is optimized with the Yoast SEO plugin v27.5 - https:\/\/yoast.com\/product\/yoast-seo-wordpress\/ -->\n<title>I Nocturna la Caleta de Adeje 2016. - Conchip Canarias S.L<\/title>\n<meta name=\"robots\" content=\"index, follow, max-snippet:-1, max-image-preview:large, max-video-preview:-1\" \/>\n<link rel=\"canonical\" href=\"https:\/\/conchipcanarias.com\/?p=248\" \/>\n<meta property=\"og:locale\" content=\"es_ES\" \/>\n<meta property=\"og:type\" content=\"article\" \/>\n<meta property=\"og:title\" content=\"I Nocturna la Caleta de Adeje 2016. - Conchip Canarias S.L\" \/>\n<meta property=\"og:description\" content=\"Dionisio Guillem y Ver\u00f3nica Rever\u00f3n ganan la primera edici\u00f3n con solvencia. El pasado s\u00e1bado d\u00eda 30 de enero se celebro la primera edici\u00f3n de la carrera nocturna en el municipio sure\u00f1o de la caleta de Adeje. \u00a0La carrera que fue organizada por la Comisi\u00f3n de fiestas La Caleta de Adeje 2016 con la colaboraci\u00f3n del &hellip; Seguir leyendo\" \/>\n<meta property=\"og:url\" content=\"https:\/\/conchipcanarias.com\/?p=248\" \/>\n<meta property=\"og:site_name\" content=\"Conchip Canarias S.L\" \/>\n<meta property=\"article:published_time\" content=\"2016-01-31T21:00:00+00:00\" \/>\n<meta property=\"article:modified_time\" content=\"2016-08-04T10:05:58+00:00\" \/>\n<meta property=\"og:image\" content=\"http:\/\/conchipcanarias.com\/wp-content\/uploads\/2016\/01\/DSC_0710-1.jpg\" \/>\n<meta name=\"author\" content=\"Jorge Sanch\u00eds Montero\" \/>\n<meta name=\"twitter:card\" content=\"summary_large_image\" \/>\n<meta name=\"twitter:label1\" content=\"Escrito por\" \/>\n\t<meta name=\"twitter:data1\" content=\"Jorge Sanch\u00eds Montero\" \/>\n\t<meta name=\"twitter:label2\" content=\"Tiempo de lectura\" \/>\n\t<meta name=\"twitter:data2\" content=\"2 minutos\" \/>\n<script type=\"application\/ld+json\" class=\"yoast-schema-graph\">{\"@context\":\"https:\\\/\\\/schema.org\",\"@graph\":[{\"@type\":\"Article\",\"@id\":\"https:\\\/\\\/conchipcanarias.com\\\/?p=248#article\",\"isPartOf\":{\"@id\":\"https:\\\/\\\/conchipcanarias.com\\\/?p=248\"},\"author\":{\"name\":\"Jorge Sanch\u00eds Montero\",\"@id\":\"https:\\\/\\\/conchipcanarias.com\\\/#\\\/schema\\\/person\\\/b60e1ca069cbc39080ff46da3c91f2ee\"},\"headline\":\"I Nocturna la Caleta de Adeje 2016.\",\"datePublished\":\"2016-01-31T21:00:00+00:00\",\"dateModified\":\"2016-08-04T10:05:58+00:00\",\"mainEntityOfPage\":{\"@id\":\"https:\\\/\\\/conchipcanarias.com\\\/?p=248\"},\"wordCount\":495,\"publisher\":{\"@id\":\"https:\\\/\\\/conchipcanarias.com\\\/#organization\"},\"image\":{\"@id\":\"https:\\\/\\\/conchipcanarias.com\\\/?p=248#primaryimage\"},\"thumbnailUrl\":\"http:\\\/\\\/conchipcanarias.com\\\/wp-content\\\/uploads\\\/2016\\\/01\\\/DSC_0710-1.jpg\",\"articleSection\":[\"Noticias\"],\"inLanguage\":\"es\"},{\"@type\":\"WebPage\",\"@id\":\"https:\\\/\\\/conchipcanarias.com\\\/?p=248\",\"url\":\"https:\\\/\\\/conchipcanarias.com\\\/?p=248\",\"name\":\"I Nocturna la Caleta de Adeje 2016. - Conchip Canarias S.L\",\"isPartOf\":{\"@id\":\"https:\\\/\\\/conchipcanarias.com\\\/#website\"},\"primaryImageOfPage\":{\"@id\":\"https:\\\/\\\/conchipcanarias.com\\\/?p=248#primaryimage\"},\"image\":{\"@id\":\"https:\\\/\\\/conchipcanarias.com\\\/?p=248#primaryimage\"},\"thumbnailUrl\":\"http:\\\/\\\/conchipcanarias.com\\\/wp-content\\\/uploads\\\/2016\\\/01\\\/DSC_0710-1.jpg\",\"datePublished\":\"2016-01-31T21:00:00+00:00\",\"dateModified\":\"2016-08-04T10:05:58+00:00\",\"breadcrumb\":{\"@id\":\"https:\\\/\\\/conchipcanarias.com\\\/?p=248#breadcrumb\"},\"inLanguage\":\"es\",\"potentialAction\":[{\"@type\":\"ReadAction\",\"target\":[\"https:\\\/\\\/conchipcanarias.com\\\/?p=248\"]}]},{\"@type\":\"ImageObject\",\"inLanguage\":\"es\",\"@id\":\"https:\\\/\\\/conchipcanarias.com\\\/?p=248#primaryimage\",\"url\":\"http:\\\/\\\/conchipcanarias.com\\\/wp-content\\\/uploads\\\/2016\\\/01\\\/DSC_0710-1.jpg\",\"contentUrl\":\"http:\\\/\\\/conchipcanarias.com\\\/wp-content\\\/uploads\\\/2016\\\/01\\\/DSC_0710-1.jpg\"},{\"@type\":\"BreadcrumbList\",\"@id\":\"https:\\\/\\\/conchipcanarias.com\\\/?p=248#breadcrumb\",\"itemListElement\":[{\"@type\":\"ListItem\",\"position\":1,\"name\":\"Portada\",\"item\":\"https:\\\/\\\/conchipcanarias.com\\\/\"},{\"@type\":\"ListItem\",\"position\":2,\"name\":\"I Nocturna la Caleta de Adeje 2016.\"}]},{\"@type\":\"WebSite\",\"@id\":\"https:\\\/\\\/conchipcanarias.com\\\/#website\",\"url\":\"https:\\\/\\\/conchipcanarias.com\\\/\",\"name\":\"Conchip Canarias S.L\",\"description\":\"Cronometraje y organizaci&oacute;n de eventos deportivos\",\"publisher\":{\"@id\":\"https:\\\/\\\/conchipcanarias.com\\\/#organization\"},\"potentialAction\":[{\"@type\":\"SearchAction\",\"target\":{\"@type\":\"EntryPoint\",\"urlTemplate\":\"https:\\\/\\\/conchipcanarias.com\\\/?s={search_term_string}\"},\"query-input\":{\"@type\":\"PropertyValueSpecification\",\"valueRequired\":true,\"valueName\":\"search_term_string\"}}],\"inLanguage\":\"es\"},{\"@type\":\"Organization\",\"@id\":\"https:\\\/\\\/conchipcanarias.com\\\/#organization\",\"name\":\"Conchip Canarias S.L.\",\"url\":\"https:\\\/\\\/conchipcanarias.com\\\/\",\"logo\":{\"@type\":\"ImageObject\",\"inLanguage\":\"es\",\"@id\":\"https:\\\/\\\/conchipcanarias.com\\\/#\\\/schema\\\/logo\\\/image\\\/\",\"url\":\"http:\\\/\\\/conchipcanarias.com\\\/wp-content\\\/uploads\\\/2016\\\/07\\\/logo1.png\",\"contentUrl\":\"http:\\\/\\\/conchipcanarias.com\\\/wp-content\\\/uploads\\\/2016\\\/07\\\/logo1.png\",\"width\":255,\"height\":255,\"caption\":\"Conchip Canarias S.L.\"},\"image\":{\"@id\":\"https:\\\/\\\/conchipcanarias.com\\\/#\\\/schema\\\/logo\\\/image\\\/\"}},{\"@type\":\"Person\",\"@id\":\"https:\\\/\\\/conchipcanarias.com\\\/#\\\/schema\\\/person\\\/b60e1ca069cbc39080ff46da3c91f2ee\",\"name\":\"Jorge Sanch\u00eds Montero\",\"url\":\"https:\\\/\\\/conchipcanarias.com\\\/?author=2\"}]}<\/script>\n<!-- \/ Yoast SEO plugin. -->","yoast_head_json":{"title":"I Nocturna la Caleta de Adeje 2016. - Conchip Canarias S.L","robots":{"index":"index","follow":"follow","max-snippet":"max-snippet:-1","max-image-preview":"max-image-preview:large","max-video-preview":"max-video-preview:-1"},"canonical":"https:\/\/conchipcanarias.com\/?p=248","og_locale":"es_ES","og_type":"article","og_title":"I Nocturna la Caleta de Adeje 2016. - Conchip Canarias S.L","og_description":"Dionisio Guillem y Ver\u00f3nica Rever\u00f3n ganan la primera edici\u00f3n con solvencia. El pasado s\u00e1bado d\u00eda 30 de enero se celebro la primera edici\u00f3n de la carrera nocturna en el municipio sure\u00f1o de la caleta de Adeje. \u00a0La carrera que fue organizada por la Comisi\u00f3n de fiestas La Caleta de Adeje 2016 con la colaboraci\u00f3n del &hellip; Seguir leyendo","og_url":"https:\/\/conchipcanarias.com\/?p=248","og_site_name":"Conchip Canarias S.L","article_published_time":"2016-01-31T21:00:00+00:00","article_modified_time":"2016-08-04T10:05:58+00:00","og_image":[{"url":"http:\/\/conchipcanarias.com\/wp-content\/uploads\/2016\/01\/DSC_0710-1.jpg","type":"","width":"","height":""}],"author":"Jorge Sanch\u00eds Montero","twitter_card":"summary_large_image","twitter_misc":{"Escrito por":"Jorge Sanch\u00eds Montero","Tiempo de lectura":"2 minutos"},"schema":{"@context":"https:\/\/schema.org","@graph":[{"@type":"Article","@id":"https:\/\/conchipcanarias.com\/?p=248#article","isPartOf":{"@id":"https:\/\/conchipcanarias.com\/?p=248"},"author":{"name":"Jorge Sanch\u00eds Montero","@id":"https:\/\/conchipcanarias.com\/#\/schema\/person\/b60e1ca069cbc39080ff46da3c91f2ee"},"headline":"I Nocturna la Caleta de Adeje 2016.","datePublished":"2016-01-31T21:00:00+00:00","dateModified":"2016-08-04T10:05:58+00:00","mainEntityOfPage":{"@id":"https:\/\/conchipcanarias.com\/?p=248"},"wordCount":495,"publisher":{"@id":"https:\/\/conchipcanarias.com\/#organization"},"image":{"@id":"https:\/\/conchipcanarias.com\/?p=248#primaryimage"},"thumbnailUrl":"http:\/\/conchipcanarias.com\/wp-content\/uploads\/2016\/01\/DSC_0710-1.jpg","articleSection":["Noticias"],"inLanguage":"es"},{"@type":"WebPage","@id":"https:\/\/conchipcanarias.com\/?p=248","url":"https:\/\/conchipcanarias.com\/?p=248","name":"I Nocturna la Caleta de Adeje 2016. - Conchip Canarias S.L","isPartOf":{"@id":"https:\/\/conchipcanarias.com\/#website"},"primaryImageOfPage":{"@id":"https:\/\/conchipcanarias.com\/?p=248#primaryimage"},"image":{"@id":"https:\/\/conchipcanarias.com\/?p=248#primaryimage"},"thumbnailUrl":"http:\/\/conchipcanarias.com\/wp-content\/uploads\/2016\/01\/DSC_0710-1.jpg","datePublished":"2016-01-31T21:00:00+00:00","dateModified":"2016-08-04T10:05:58+00:00","breadcrumb":{"@id":"https:\/\/conchipcanarias.com\/?p=248#breadcrumb"},"inLanguage":"es","potentialAction":[{"@type":"ReadAction","target":["https:\/\/conchipcanarias.com\/?p=248"]}]},{"@type":"ImageObject","inLanguage":"es","@id":"https:\/\/conchipcanarias.com\/?p=248#primaryimage","url":"http:\/\/conchipcanarias.com\/wp-content\/uploads\/2016\/01\/DSC_0710-1.jpg","contentUrl":"http:\/\/conchipcanarias.com\/wp-content\/uploads\/2016\/01\/DSC_0710-1.jpg"},{"@type":"BreadcrumbList","@id":"https:\/\/conchipcanarias.com\/?p=248#breadcrumb","itemListElement":[{"@type":"ListItem","position":1,"name":"Portada","item":"https:\/\/conchipcanarias.com\/"},{"@type":"ListItem","position":2,"name":"I Nocturna la Caleta de Adeje 2016."}]},{"@type":"WebSite","@id":"https:\/\/conchipcanarias.com\/#website","url":"https:\/\/conchipcanarias.com\/","name":"Conchip Canarias S.L","description":"Cronometraje y organizaci&oacute;n de eventos deportivos","publisher":{"@id":"https:\/\/conchipcanarias.com\/#organization"},"potentialAction":[{"@type":"SearchAction","target":{"@type":"EntryPoint","urlTemplate":"https:\/\/conchipcanarias.com\/?s={search_term_string}"},"query-input":{"@type":"PropertyValueSpecification","valueRequired":true,"valueName":"search_term_string"}}],"inLanguage":"es"},{"@type":"Organization","@id":"https:\/\/conchipcanarias.com\/#organization","name":"Conchip Canarias S.L.","url":"https:\/\/conchipcanarias.com\/","logo":{"@type":"ImageObject","inLanguage":"es","@id":"https:\/\/conchipcanarias.com\/#\/schema\/logo\/image\/","url":"http:\/\/conchipcanarias.com\/wp-content\/uploads\/2016\/07\/logo1.png","contentUrl":"http:\/\/conchipcanarias.com\/wp-content\/uploads\/2016\/07\/logo1.png","width":255,"height":255,"caption":"Conchip Canarias S.L."},"image":{"@id":"https:\/\/conchipcanarias.com\/#\/schema\/logo\/image\/"}},{"@type":"Person","@id":"https:\/\/conchipcanarias.com\/#\/schema\/person\/b60e1ca069cbc39080ff46da3c91f2ee","name":"Jorge Sanch\u00eds Montero","url":"https:\/\/conchipcanarias.com\/?author=2"}]}},"_links":{"self":[{"href":"https:\/\/conchipcanarias.com\/index.php?rest_route=\/wp\/v2\/posts\/248","targetHints":{"allow":["GET"]}}],"collection":[{"href":"https:\/\/conchipcanarias.com\/index.php?rest_route=\/wp\/v2\/posts"}],"about":[{"href":"https:\/\/conchipcanarias.com\/index.php?rest_route=\/wp\/v2\/types\/post"}],"author":[{"embeddable":true,"href":"https:\/\/conchipcanarias.com\/index.php?rest_route=\/wp\/v2\/users\/2"}],"replies":[{"embeddable":true,"href":"https:\/\/conchipcanarias.com\/index.php?rest_route=%2Fwp%2Fv2%2Fcomments&post=248"}],"version-history":[{"count":3,"href":"https:\/\/conchipcanarias.com\/index.php?rest_route=\/wp\/v2\/posts\/248\/revisions"}],"predecessor-version":[{"id":457,"href":"https:\/\/conchipcanarias.com\/index.php?rest_route=\/wp\/v2\/posts\/248\/revisions\/457"}],"wp:attachment":[{"href":"https:\/\/conchipcanarias.com\/index.php?rest_route=%2Fwp%2Fv2%2Fmedia&parent=248"}],"wp:term":[{"taxonomy":"category","embeddable":true,"href":"https:\/\/conchipcanarias.com\/index.php?rest_route=%2Fwp%2Fv2%2Fcategories&post=248"},{"taxonomy":"post_tag","embeddable":true,"href":"https:\/\/conchipcanarias.com\/index.php?rest_route=%2Fwp%2Fv2%2Ftags&post=248"}],"curies":[{"name":"wp","href":"https:\/\/api.w.org\/{rel}","templated":true}]}}